{"id":1151,"date":"2020-11-08T03:00:03","date_gmt":"2020-11-08T02:00:03","guid":{"rendered":"http:\/\/parafia.pawezow.net\/wp\/?p=1151"},"modified":"2020-11-07T16:12:52","modified_gmt":"2020-11-07T15:12:52","slug":"xxxii-niedziela-w-ciagu-roku","status":"publish","type":"post","link":"http:\/\/parafia.pawezow.net\/wp\/2020\/11\/08\/xxxii-niedziela-w-ciagu-roku\/","title":{"rendered":"XXXII Niedziela w ci\u0105gu roku"},"content":{"rendered":"\n<div class=\"wp-block-file\"><a href=\"http:\/\/parafia.pawezow.net\/wp\/wp-content\/uploads\/2020\/11\/Intencje-Mszy-Swietych-9-15.11.2020.pdf\" target=\"_blank\" rel=\"noreferrer noopener\">Intencje Mszy \u015awi\u0119tych 9-15.11.2020<\/a><a href=\"http:\/\/parafia.pawezow.net\/wp\/wp-content\/uploads\/2020\/11\/Intencje-Mszy-Swietych-9-15.11.2020.pdf\" class=\"wp-block-file__button\" download>Pobierz<\/a><\/div>\n\n\n\n<p>1. Dzisiaj, w drug\u0105 niedziel\u0119 listopada, solidaryzujemy si\u0119 z Ko\u015bcio\u0142em prze\u015bladowanym w r\u00f3\u017cnych cz\u0119\u015bciach \u015bwiata. My cieszymy si\u0119 wolno\u015bci\u0105 religijn\u0105, mo\u017cemy swobodnie wyznawa\u0107 wiar\u0119 w Boga i okazywa\u0107 przywi\u0105zanie do Ko\u015bcio\u0142a. Nie mo\u017cemy jednak zapomina\u0107, \u017ce s\u0105 na \u015bwiecie kraje i narody, gdzie chrze\u015bcija\u0144stwo jest prze\u015bladowane. Wielu wyznawc\u00f3w Chrystusa p\u0142aci za wiar\u0119 najwy\u017csz\u0105 cen\u0119 \u2013 oddaje swoje \u017cycie. Ofiarujmy im dar modlitwy. Przed ko\u015bcio\u0142em zbierane s\u0105 ofiary na puszek na pomoc Ko\u015bcio\u0142owi w potrzebie.<\/p>\n\n\n\n<figure class=\"wp-block-embed-youtube aligncenter wp-block-embed is-type-video is-provider-youtube wp-embed-aspect-16-9 wp-has-aspect-ratio\"><div class=\"wp-block-embed__wrapper\">\n<iframe loading=\"lazy\" title=\"Republika \u015arodkowej Afryki - film dokumentalny | XII Dzie\u0144 Solidarno\u015bci z Ko\u015bcio\u0142em Prze\u015bladowanym\" width=\"688\" height=\"387\" src=\"https:\/\/www.youtube.com\/embed\/XHJ90_9_a0s?feature=oembed\" frameborder=\"0\" allow=\"accelerometer; autoplay; clipboard-write; encrypted-media; gyroscope; picture-in-picture\" allowfullscreen><\/iframe>\n<\/div><\/figure>\n\n\n\n<p>2. W poniedzia\u0142ek, 9 listopada \u015bwi\u0119tujemy rocznic\u0119 po\u015bwi\u0119cenia Bazyliki Latera\u0144skiej. To \u015bwi\u0119to przypomina, \u017ce jeste\u015bmy cz\u0105stk\u0105 jednego Ko\u015bcio\u0142a powszechnego. Bazylika Latera\u0144ska jest katedr\u0105 biskupa Rzymu, czyli papie\u017ca, i matk\u0105 wszystkich ko\u015bcio\u0142\u00f3w \u015bwiata. Przez tysi\u0105c lat koncentrowa\u0142o si\u0119 przy niej \u017cycie Ko\u015bcio\u0142a i nawet kiedy wybudowano bazylik\u0119 nad grobem \u015awi\u0119tego Piotra Aposto\u0142a na Watykanie, Bazylika Latera\u0144ska zachowa\u0142a status katedry biskupa Rzymu. Do dzi\u015b nad wej\u015bciem do Bazyliki Latera\u0144skiej znajduje si\u0119 \u0142aci\u0144ski napis: \u201eMatka i G\u0142owa wszystkich ko\u015bcio\u0142\u00f3w Miasta i \u015awiata\u201d.<\/p>\n\n\n\n<p>3. W \u015brod\u0119, 11 listopada b\u0119dziemy obchodzi\u0107 \u015awi\u0119to Niepodleg\u0142o\u015bci. Pami\u0119tajmy o tych, kt\u00f3rzy przelewali swoj\u0105 krew i oddawali \u017cycie w obronie Ojczyzny. Niech w tych dniach nie zabraknie nas przy mogi\u0142ach \u017co\u0142nierzy z lat 1918-1920 i modlitewnej o nich pami\u0119ci. Msze \u015bwi\u0119te w naszym ko\u015bciele b\u0119d\u0105 sprawowane o godz. 9:00 i 17:00.<\/p>\n\n\n\n<p>4. Listopad tradycyjnie jest czasem modlitewnej pami\u0119ci o zmar\u0142ych. Polecajmy ich Bo\u017cemu mi\u0142osierdziu. Za wypominanych b\u0119dziemy si\u0119 modli\u0107 w poniedzia\u0142ek, wtorek i \u015brod\u0119 o godz. 16:30.<\/p>\n\n\n\n<p>5. Zachowujmy przepisy epidemiologiczne \u2013 noszenie maseczki, dezynfekcja r\u0105k, dystans spo\u0142eczny, a tak\u017ce ograniczenia liczby os\u00f3b w ko\u015bciele. W zwi\u0105zku z wprowadzeniem kolejnych obostrze\u0144 rz\u0105dowych, od soboty 7 listopada w naszym ko\u015bciele mo\u017ce przebywa\u0107 jednocze\u015bnie 10 os\u00f3b.<\/p>\n\n\n\n<p>6. W Tarnowie w najbli\u017cszym czasie rozpocznie si\u0119 budowa szpitala tymczasowego. Zach\u0119camy do anga\u017cowania si\u0119 w prac\u0119 w tym\u017ce szpitalu lekarzy, lekarzy emeryt\u00f3w, lekarzy z prywatnych gabinet\u00f3w, stomatolog\u00f3w, piel\u0119gniarek, ratownik\u00f3w medycznych, opiekun\u00f3w medycznych. Zatrudnieni otrzymaj\u0105 pe\u0142ne wsparcie, zabezpieczenia sanitarne i wynagrodzenie zgodne z rozporz\u0105dzeniami Ministerstwa Zdrowia.<\/p>\n\n\n\n<p>Osoby zainteresowane w sprawie pracy proszone s\u0105 o kontakt: <a rel=\"noreferrer noopener\" href=\"mailto:szpitaltymczasowy@lukasz.med.pl\" target=\"_blank\">szpitaltymczasowy@lukasz.med.pl<\/a><\/p>\n\n\n\n<p>Zwracamy si\u0119 tak\u017ce z apelem do ozdrowie\u0144c\u00f3w, czyli os\u00f3b, kt\u00f3re przesz\u0142y ju\u017c chorob\u0119 COVID-19 i mog\u0105 odda\u0107 osocze. Prosimy zg\u0142asza\u0107 si\u0119 do Regionalnego Centrum Krwiodawstwa i Krwiolecznictwa Oddzia\u0142 w Tarnowie w Szpitalu Specjalistycznym im. Edwarda Szczeklika w Tarnowie, ul. Szpitalna 13, 33-100 Tarn\u00f3w.<\/p>\n\n\n\n<div class=\"wp-block-file\"><a href=\"http:\/\/parafia.pawezow.net\/wp\/wp-content\/uploads\/2020\/11\/Apel-Wojewody-Malopolskiego.pdf\" target=\"_blank\" rel=\"noreferrer noopener\">Apel Wojewody Ma\u0142opolskiego<\/a><a href=\"http:\/\/parafia.pawezow.net\/wp\/wp-content\/uploads\/2020\/11\/Apel-Wojewody-Malopolskiego.pdf\" class=\"wp-block-file__button\" download>Pobierz<\/a><\/div>\n\n\n\n<p>7. Sk\u0142adamy serdeczne B\u00f3g zap\u0142a\u0107 za ofiary z\u0142o\u017cone do puszek na Wy\u017csze Seminarium Duchowne w Tarnowie (86 z\u0142).<\/p>\n\n\n\n<p>8. Sk\u0142adamy serdeczne podzi\u0119kowania za ofiary z\u0142o\u017cone na sprz\u0105tanie ko\u015bcio\u0142a rodzinom Kantor, Kie\u0142basa, Siwiak, Dyja, Chlipa\u0142a, a na ten tydzie\u0144 prosimy rodziny Targosz, Hamowski, Hamowski, Schab, Ko\u0142odziej.<\/p>\n\n\n\n<p>9. W minionym tygodniu odeszli do wieczno\u015bci \u015bp. Stanis\u0142awa Wijas (lat 89) oraz \u015bp. Kazimierz Barna\u015b (lat 89). Rodzinom Zmar\u0142ych sk\u0142adamy szczere wyrazy wsp\u00f3\u0142czucia chrze\u015bcija\u0144skiego, a ich dusze polecamy Mi\u0142osierdziu Bo\u017cemu.<\/p>\n\n\n\n<p><em>Dobry Jezu a nasz Panie \u2013 daj im wieczne spoczywanie.<\/em><\/p>\n\n\n\n<p><strong>W tym tygodniu patronuj\u0105 nam:<\/strong><\/p>\n\n\n\n<ul class=\"wp-block-list\"><li>wtorek \u2013 \u015bw. Leon Wielki, papie\u017c i doktor Ko\u015bcio\u0142a, obro\u0144ca nauki o dw\u00f3ch naturach Chrystusa i prymatu papie\u017ca,<\/li><li>\u015broda \u2013 \u015bw. Marcin, \u017co\u0142nierz rzymski,<\/li><li>czwartek \u2013 \u015bw. Jozafat, biskup i m\u0119czennik,<\/li><li>pi\u0105tek \u2013 \u015awi\u0119ci Benedykt, Jan, Mateusz, Izaak i Krystyn, eremici i misjonarze, dzia\u0142aj\u0105cy w okolicach Mi\u0119dzyrzecza za czas\u00f3w Boles\u0142awa Chrobrego, pierwsi polscy m\u0119czennicy.<\/li><\/ul>\n\n\n\n<p><strong>Wszystkim na ca\u0142y tydzie\u0144 \u017cyczymy Szcz\u0119\u015b\u0107 Bo\u017ce.<\/strong><\/p>\n","protected":false},"excerpt":{"rendered":"<p>Dzisiaj, w drug\u0105 niedziel\u0119 listopada, solidaryzujemy si\u0119 z Ko\u015bcio\u0142em prze\u015bladowanym w r\u00f3\u017cnych cz\u0119\u015bciach \u015bwiata. My cieszymy si\u0119 wolno\u015bci\u0105 religijn\u0105, mo\u017cemy swobodnie wyznawa\u0107 wiar\u0119 w Boga i okazywa\u0107 przywi\u0105zanie do Ko\u015bcio\u0142a. Nie mo\u017cemy jednak zapomina\u0107, \u017ce s\u0105 na \u015bwiecie kraje i narody, gdzie chrze\u015bcija\u0144stwo jest prze\u015bladowane. Wielu wyznawc\u00f3w Chrystusa p\u0142aci za wiar\u0119 najwy\u017csz\u0105 cen\u0119 \u2013 oddaje swoje \u017cycie. Ofiarujmy im dar modlitwy.<\/p>\n","protected":false},"author":2,"featured_media":580,"comment_status":"closed","ping_status":"closed","sticky":false,"template":"","format":"standard","meta":{"ngg_post_thumbnail":0,"footnotes":""},"categories":[5],"tags":[],"class_list":["post-1151","post","type-post","status-publish","format-standard","has-post-thumbnail","hentry","category-ogloszenia"],"_links":{"self":[{"href":"http:\/\/parafia.pawezow.net\/wp\/wp-json\/wp\/v2\/posts\/1151","targetHints":{"allow":["GET"]}}],"collection":[{"href":"http:\/\/parafia.pawezow.net\/wp\/wp-json\/wp\/v2\/posts"}],"about":[{"href":"http:\/\/parafia.pawezow.net\/wp\/wp-json\/wp\/v2\/types\/post"}],"author":[{"embeddable":true,"href":"http:\/\/parafia.pawezow.net\/wp\/wp-json\/wp\/v2\/users\/2"}],"replies":[{"embeddable":true,"href":"http:\/\/parafia.pawezow.net\/wp\/wp-json\/wp\/v2\/comments?post=1151"}],"version-history":[{"count":10,"href":"http:\/\/parafia.pawezow.net\/wp\/wp-json\/wp\/v2\/posts\/1151\/revisions"}],"predecessor-version":[{"id":1169,"href":"http:\/\/parafia.pawezow.net\/wp\/wp-json\/wp\/v2\/posts\/1151\/revisions\/1169"}],"wp:featuredmedia":[{"embeddable":true,"href":"http:\/\/parafia.pawezow.net\/wp\/wp-json\/wp\/v2\/media\/580"}],"wp:attachment":[{"href":"http:\/\/parafia.pawezow.net\/wp\/wp-json\/wp\/v2\/media?parent=1151"}],"wp:term":[{"taxonomy":"category","embeddable":true,"href":"http:\/\/parafia.pawezow.net\/wp\/wp-json\/wp\/v2\/categories?post=1151"},{"taxonomy":"post_tag","embeddable":true,"href":"http:\/\/parafia.pawezow.net\/wp\/wp-json\/wp\/v2\/tags?post=1151"}],"curies":[{"name":"wp","href":"https:\/\/api.w.org\/{rel}","templated":true}]}}