{"id":1323,"date":"2020-12-06T03:00:39","date_gmt":"2020-12-06T02:00:39","guid":{"rendered":"http:\/\/parafia.pawezow.net\/wp\/?p=1323"},"modified":"2020-12-08T19:46:14","modified_gmt":"2020-12-08T18:46:14","slug":"druga-niedziela-adwentu","status":"publish","type":"post","link":"http:\/\/parafia.pawezow.net\/wp\/2020\/12\/06\/druga-niedziela-adwentu\/","title":{"rendered":"Druga Niedziela Adwentu"},"content":{"rendered":"\n<div class=\"wp-block-file\"><a href=\"http:\/\/parafia.pawezow.net\/wp\/wp-content\/uploads\/2020\/12\/Apel-na-XXI-Dzien-Modlitwy-i-Pomocy-Materialnej-Kosciolowi-na-Wschodzie.pdf\" target=\"_blank\" rel=\"noreferrer noopener\">Apel na XXI Dzie\u0144 Modlitwy i Pomocy Materialnej Ko\u015bcio\u0142owi na Wschodzie<\/a><a href=\"http:\/\/parafia.pawezow.net\/wp\/wp-content\/uploads\/2020\/12\/Apel-na-XXI-Dzien-Modlitwy-i-Pomocy-Materialnej-Kosciolowi-na-Wschodzie.pdf\" class=\"wp-block-file__button\" download>Pobierz<\/a><\/div>\n\n\n\n<p>1. Dzisiejsz\u0105 niedziel\u0119 prze\u017cywamy jako Dzie\u0144 Modlitwy i Pomocy Materialnej Ko\u015bcio\u0142owi na Wschodzie. Wspierajmy modlitw\u0105 i ofiarami braci i siostry w by\u0142ych krajach Zwi\u0105zku Radzieckiego. Ofiary, wyraz naszej solidarno\u015bci i braterskiej mi\u0142o\u015bci mo\u017cemy sk\u0142ada\u0107 do puszek po wyj\u015bciu z ko\u015bcio\u0142a. Pami\u0119tajmy r\u00f3wnie\u017c o upominkach dla najbli\u017cszych z okazji wspomnienia \u015bw. Miko\u0142aja.<\/p>\n\n\n\n<div class=\"wp-block-image\"><figure class=\"aligncenter size-large\"><img loading=\"lazy\" decoding=\"async\" width=\"455\" height=\"512\" src=\"http:\/\/parafia.pawezow.net\/wp\/wp-content\/uploads\/2020\/12\/kosciol-wschod-2020.jpg\" alt=\"\" class=\"wp-image-1326\" srcset=\"http:\/\/parafia.pawezow.net\/wp\/wp-content\/uploads\/2020\/12\/kosciol-wschod-2020.jpg 455w, http:\/\/parafia.pawezow.net\/wp\/wp-content\/uploads\/2020\/12\/kosciol-wschod-2020-267x300.jpg 267w\" sizes=\"auto, (max-width: 455px) 100vw, 455px\" \/><\/figure><\/div>\n\n\n\n<p>2. Zach\u0119camy do nabywania \u015bwiec Caritas oraz po\u015bwi\u0119conych op\u0142atk\u00f3w na st\u00f3\u0142 wigilijny. Op\u0142atki mo\u017cna odbiera\u0107 w zakrystii po Mszy \u015bwi\u0119tej. Ofiary z\u0142o\u017cone przy tej okazji s\u0105 wyrazem naszego podzi\u0119kowania za prac\u0119 Pana Organisty.<\/p>\n\n\n\n<p>3. W Adwencie rozwa\u017camy z Maryj\u0105 tajemnic\u0119 wcielenia Bo\u017cego podczas Mszy \u015awi\u0119tej roratnej codziennie o godz. 17:00. Serdecznie zapraszamy doros\u0142ych, m\u0142odzie\u017c i dzieci.<\/p>\n\n\n\n<p>4. We wtorek b\u0119dziemy prze\u017cywa\u0107 uroczysto\u015b\u0107 Niepokalanego Pocz\u0119cia Naj\u015bwi\u0119tszej Maryi Panny. Msze \u015bw. b\u0119d\u0105 sprawowane o godz. 7:30 i 17:00. W czasie Mszy \u015bw. wieczornej, dzieci przygotowuj\u0105ce si\u0119 do przyj\u0119cia Pierwszej Komunii \u015awi\u0119tej (kl. 3) przyjm\u0105 medaliki.<\/p>\n\n\n\n<p>5. Biskup tarnowski wyda\u0142 zarz\u0105dzenie dotycz\u0105ce tegorocznej wizyty duszpasterskiej w naszej diecezji. Mo\u017cna si\u0119 z nim zapozna\u0107 na <a href=\"https:\/\/diecezja.tarnow.pl\/index.php\/wiadomosci\/pola\/item\/8212-zarzadzenie-dotyczace-wizyty-duszpasterskiej-w-diecezji-tarnowskiej-w-roku-duszpasterskim-2020-2021\" target=\"_blank\" rel=\"noreferrer noopener\"><span style=\"color:#006fb0\" class=\"has-inline-color\">Portalu Diecezji Tarnowskiej<\/span><\/a>.<\/p>\n\n\n\n<p>6. W minionym tygodniu odesz\u0142a do wieczno\u015bci \u015bp.&nbsp;Genowefa Flis, lat 92. Rodzinie zmar\u0142ej sk\u0142adamy szczere wyrazy wsp\u00f3\u0142czucia chrze\u015bcija\u0144skiego, a jej dusz\u0119 polecamy Bo\u017cemu Mi\u0142osierdziu.<\/p>\n\n\n\n<p><em>Dobry Jezu, a nasz Panie \u2013 daj jej wieczne spoczywanie.<\/em><\/p>\n\n\n\n<p>Za dusz\u0119 \u015bp. Genowefy b\u0119dzie sprawowanych 5 Mszy \u015bwi\u0119tych od uczestnik\u00f3w pogrzebu.<\/p>\n\n\n\n<p>Wczoraj odby\u0142 si\u0119 pogrzeb \u015bp.&nbsp;Barbary Paj\u0105k. W jej intencji b\u0119d\u0105 sprawowane 3 Msze \u015bwi\u0119te od uczestnik\u00f3w pogrzebu.<\/p>\n\n\n\n<p>7. Sk\u0142adamy serdeczne podzi\u0119kowania za ofiary z\u0142o\u017cone na sprz\u0105tanie ko\u015bcio\u0142a rodzinom Gadzia\u0142a, Plebania, Niedojad\u0142o, Ostr\u0119ga, Marciniec, a na ten tydzie\u0144 prosimy rodziny Biedro\u0144, Milewski, Milewski, Mach, Poplicha.<\/p>\n\n\n\n<p>8. Za po\u015brednictwem Konferencji Episkopatu Polski, Prezes Naczelnej Rady Lekarskiej, zwraca si\u0119 z gor\u0105cym apelem do wszystkich os\u00f3b, kt\u00f3re przesz\u0142y chorob\u0119 COVID-19, o&nbsp;oddawanie osocza.<\/p>\n\n\n\n<p>Jak czytamy w Apelu \u201eBadania naukowe potwierdzaj\u0105c, \u017ce osocze ozdrowie\u0144c\u00f3w, podane we wczesnej fazie choroby, mo\u017ce zmniejszy\u0107 ryzyko zgonu [\u2026]. Dawc\u0105 mo\u017ce by\u0107 ka\u017cdy ozdrowieniec. Wystarczy zg\u0142osi\u0107 si\u0119 \u2013 nie wcze\u015bniej ni\u017c po miesi\u0105cu od wyzdrowienia \u2013 &nbsp;do regionalnego centrum Krwiodawstwa i Krwiolecznictwa [\u2026]\u201d.<\/p>\n\n\n\n<p>Wszystkim, kt\u00f3rzy pozytywnie odpowiedz\u0105 na Apel serdecznie dzi\u0119kujemy.<\/p>\n\n\n\n<p>9. Wszystkim solenizantom i jubilatom tego tygodnia \u017cyczymy obfito\u015bci \u0142ask Bo\u017cych i opieki Matki Naj\u015bwi\u0119tszej na ka\u017cdy dzie\u0144.<\/p>\n\n\n\n<p>10. Polecamy pras\u0119 katolick\u0105 Go\u015b\u0107 Niedzielny, Ma\u0142y Go\u015b\u0107.<\/p>\n\n\n\n<p><strong>W TYM TYGODNIU PATRONUJE NAM:<\/strong><\/p>\n\n\n\n<ul class=\"wp-block-list\"><li>poniedzia\u0142ek \u2013 \u015bw. Ambro\u017cy, Biskup, patron pszczelarzy.<\/li><\/ul>\n\n\n\n<p><strong>Wszystkim na ca\u0142y tydzie\u0144 \u017cyczymy Szcz\u0119\u015b\u0107 Bo\u017ce.<\/strong><\/p>\n","protected":false},"excerpt":{"rendered":"<p>Dzisiejsz\u0105 niedziel\u0119 prze\u017cywamy jako Dzie\u0144 Modlitwy i Pomocy Materialnej Ko\u015bcio\u0142owi na Wschodzie. Wspierajmy modlitw\u0105 i ofiarami braci i siostry w by\u0142ych krajach Zwi\u0105zku Radzieckiego. Ofiary, wyraz naszej solidarno\u015bci i braterskiej mi\u0142o\u015bci mo\u017cemy sk\u0142ada\u0107 do puszek po wyj\u015bciu z ko\u015bcio\u0142a. Pami\u0119tajmy r\u00f3wnie\u017c o upominkach dla najbli\u017cszych z okazji wspomnienia \u015bw. Miko\u0142aja.<\/p>\n","protected":false},"author":2,"featured_media":576,"comment_status":"closed","ping_status":"closed","sticky":false,"template":"","format":"standard","meta":{"ngg_post_thumbnail":0,"footnotes":""},"categories":[5],"tags":[],"class_list":["post-1323","post","type-post","status-publish","format-standard","has-post-thumbnail","hentry","category-ogloszenia"],"_links":{"self":[{"href":"http:\/\/parafia.pawezow.net\/wp\/wp-json\/wp\/v2\/posts\/1323","targetHints":{"allow":["GET"]}}],"collection":[{"href":"http:\/\/parafia.pawezow.net\/wp\/wp-json\/wp\/v2\/posts"}],"about":[{"href":"http:\/\/parafia.pawezow.net\/wp\/wp-json\/wp\/v2\/types\/post"}],"author":[{"embeddable":true,"href":"http:\/\/parafia.pawezow.net\/wp\/wp-json\/wp\/v2\/users\/2"}],"replies":[{"embeddable":true,"href":"http:\/\/parafia.pawezow.net\/wp\/wp-json\/wp\/v2\/comments?post=1323"}],"version-history":[{"count":5,"href":"http:\/\/parafia.pawezow.net\/wp\/wp-json\/wp\/v2\/posts\/1323\/revisions"}],"predecessor-version":[{"id":1332,"href":"http:\/\/parafia.pawezow.net\/wp\/wp-json\/wp\/v2\/posts\/1323\/revisions\/1332"}],"wp:featuredmedia":[{"embeddable":true,"href":"http:\/\/parafia.pawezow.net\/wp\/wp-json\/wp\/v2\/media\/576"}],"wp:attachment":[{"href":"http:\/\/parafia.pawezow.net\/wp\/wp-json\/wp\/v2\/media?parent=1323"}],"wp:term":[{"taxonomy":"category","embeddable":true,"href":"http:\/\/parafia.pawezow.net\/wp\/wp-json\/wp\/v2\/categories?post=1323"},{"taxonomy":"post_tag","embeddable":true,"href":"http:\/\/parafia.pawezow.net\/wp\/wp-json\/wp\/v2\/tags?post=1323"}],"curies":[{"name":"wp","href":"https:\/\/api.w.org\/{rel}","templated":true}]}}