{"id":2369,"date":"2023-04-09T03:00:00","date_gmt":"2023-04-09T01:00:00","guid":{"rendered":"http:\/\/parafia.pawezow.net\/wp\/?p=2369"},"modified":"2023-04-08T17:35:40","modified_gmt":"2023-04-08T15:35:40","slug":"niedziela-zmartwychwstania-panskiego-4","status":"publish","type":"post","link":"http:\/\/parafia.pawezow.net\/wp\/2023\/04\/09\/niedziela-zmartwychwstania-panskiego-4\/","title":{"rendered":"Niedziela Zmartwychwstania Pa\u0144skiego"},"content":{"rendered":"\n<p>1. Dzi\u015b uroczysto\u015b\u0107 Zmartwychwstania Pa\u0144skiego. B\u00f3g w swojej wielkiej mi\u0142o\u015bci nie zostawi\u0142 nas samych, ale w Jezusie Chrystusie ofiarowa\u0142 nam nowe \u017cycie. Niech wielkanocna rado\u015b\u0107 p\u0142yn\u0105ca ze Zmartwychwstania Pana b\u0119dzie udzia\u0142em nas wszystkich. Niech Zwyci\u0119zca \u015bmierci, piek\u0142a i szatana umacnia wiar\u0119, nadziej\u0119 i mi\u0142o\u015b\u0107 w naszych rodzinach i&nbsp;spo\u0142eczno\u015bciach, wspomaga na drogach codzienno\u015bci oraz o\u015bwieca blaskiem swojej prawdy.<\/p>\n\n\n\n<p>2. Pragn\u0119 bardzo serdecznie podzi\u0119kowa\u0107 wszystkim, kt\u00f3rzy uczestniczyli w nabo\u017ce\u0144stwach pasyjnych, Pani Barbarze Ostr\u0119ga za przygotowanie dr\u00f3g krzy\u017cowych dla dzieci i adoracji, Akcji Katolickiej za niedzielne Drogi Krzy\u017cowe oraz w Triduum Paschalnym, Panu Organi\u015bcie, ch\u00f3rowi m\u0119skiemu oraz tym, kt\u00f3rzy przygotowali o\u0142tarz adoracji i gr\u00f3b Pa\u0144ski \u2013 Wioli Maciuszek, Markowi Maciuszek, Marcie Ptak-Boduch, oraz za przygotowanie kompozycji kwiatowych Pani Alicji Kacz\u00f3wka. Dzi\u0119kuj\u0119 Panom Stra\u017cakom, Dziewcz\u0119cej S\u0142u\u017cbie Maryjnej, M\u0142odzie\u017cy, orszakowi procesyjnemu, Liturgicznej S\u0142u\u017cbie O\u0142tarza. Dzi\u0119kujemy za pomoc duszpastersk\u0105 i g\u0142oszone s\u0142owo Ksi\u0119dzu Marcinowi. Niech Zmartwychwsta\u0142y spotka was na drodze waszego \u017cycia jak uczni\u00f3w id\u0105cych do Emaus.<\/p>\n\n\n\n<p>3. Uroczysto\u015b\u0107 Zmartwychwstania Pa\u0144skiego w liturgii zosta\u0142a rozszerzona o oktaw\u0119. Jutro poniedzia\u0142ek w oktawie Wielkanocy \u2013 drugi dzie\u0144 naszego \u015bwi\u0119towania. Msze \u015awi\u0119te w&nbsp;naszej \u015bwi\u0105tyni b\u0119d\u0105 sprawowane wed\u0142ug porz\u0105dku niedzielnego. Ofiary sk\u0142adane na tac\u0119 b\u0119d\u0105 przeznaczone na Katolicki Uniwersytet Lubelski i Uniwersytet Papieski Jana Paw\u0142a II. Za wszystkie ofiary sk\u0142adamy serdeczne B\u00f3g zap\u0142a\u0107.<\/p>\n\n\n\n<p>4. W pi\u0105tek z racji oktawy Wielkanocy nie obowi\u0105zuje wstrzemi\u0119\u017aliwo\u015b\u0107 od pokarm\u00f3w mi\u0119snych. W tym dniu przypada r\u00f3wnie\u017c parafialny dzie\u0144 modlitwy w obronie dobrego imienia \u015aw. Jana Paw\u0142a II. Zapraszamy na wsp\u00f3ln\u0105 modlitw\u0119 organizowan\u0105 przez Akcj\u0119 Katolick\u0105 o godz. 18:00 \u2013 R\u00f3\u017caniec, katechez\u0119 i Msz\u0119 \u015awi\u0119ta. Ca\u0142o\u015b\u0107 zako\u0144czymy Apelem Jasnog\u00f3rskim. Serdecznie zapraszam wszystkich Parafian.<\/p>\n\n\n\n<p>5. W tygodniu zapraszamy na Nowenn\u0119 do Bo\u017cego Mi\u0142osierdzia po Mszach \u015awi\u0119tych.<\/p>\n\n\n\n<p>6. W Niedziel\u0119 Mi\u0142osierdzia Bo\u017cego, kt\u00f3ra przypada za tydzie\u0144, o godz. 15:00 spotkajmy si\u0119 na godzinie mi\u0142osierdzia. B\u00f3g nieustannie nas zaskakuje mi\u0142osierdziem okazywanym nam w przer\u00f3\u017cny spos\u00f3b. Niech nasza modlitwa b\u0119dzie wyrazem wdzi\u0119czno\u015bci Bogu. Przed ko\u015bcio\u0142em b\u0119d\u0105 zbierane ofiary na rzecz Caritas Diecezji Tarnowskiej.<\/p>\n\n\n\n<p>7. Sk\u0142adamy serdeczne podzi\u0119kowania za ofiary z\u0142o\u017cone na sprz\u0105tanie ko\u015bcio\u0142a rodzinom Przebi\u0119da, Klich, Wawrzon, Maliga, \u0141ab\u0119d\u017a, Czarnik, Trytek, a na ten tydzie\u0144 prosimy rodziny Gniady, Sk\u0119kowski, Sztorc, W\u0119grzyn, Gabrys, Drwal.<\/p>\n\n\n\n<p><strong>Wszystkim Parafianom, Go\u015bciom na czas trwania w rado\u015bci paschalnej \u017cyczymy Szcz\u0119\u015b\u0107 Bo\u017ce.<\/strong><\/p>\n\n\n\n<p><strong>Chrystus Zmartwychwsta\u0142 \u2013 prawdziwie Zmartwychwsta\u0142. Alleluja.<\/strong><\/p>\n","protected":false},"excerpt":{"rendered":"<p>Dzi\u015b uroczysto\u015b\u0107 Zmartwychwstania Pa\u0144skiego. B\u00f3g w swojej wielkiej mi\u0142o\u015bci nie zostawi\u0142 nas samych, ale w Jezusie Chrystusie ofiarowa\u0142 nam nowe \u017cycie. Niech wielkanocna rado\u015b\u0107 p\u0142yn\u0105ca ze Zmartwychwstania Pana b\u0119dzie udzia\u0142em nas wszystkich. Niech Zwyci\u0119zca \u015bmierci, piek\u0142a i szatana umacnia wiar\u0119, nadziej\u0119 i mi\u0142o\u015b\u0107 w naszych rodzinach i\u00a0spo\u0142eczno\u015bciach, wspomaga na drogach codzienno\u015bci oraz o\u015bwieca blaskiem swojej prawdy.<\/p>\n","protected":false},"author":2,"featured_media":579,"comment_status":"closed","ping_status":"closed","sticky":false,"template":"","format":"standard","meta":{"ngg_post_thumbnail":0,"footnotes":""},"categories":[5],"tags":[],"class_list":["post-2369","post","type-post","status-publish","format-standard","has-post-thumbnail","hentry","category-ogloszenia"],"_links":{"self":[{"href":"http:\/\/parafia.pawezow.net\/wp\/wp-json\/wp\/v2\/posts\/2369","targetHints":{"allow":["GET"]}}],"collection":[{"href":"http:\/\/parafia.pawezow.net\/wp\/wp-json\/wp\/v2\/posts"}],"about":[{"href":"http:\/\/parafia.pawezow.net\/wp\/wp-json\/wp\/v2\/types\/post"}],"author":[{"embeddable":true,"href":"http:\/\/parafia.pawezow.net\/wp\/wp-json\/wp\/v2\/users\/2"}],"replies":[{"embeddable":true,"href":"http:\/\/parafia.pawezow.net\/wp\/wp-json\/wp\/v2\/comments?post=2369"}],"version-history":[{"count":1,"href":"http:\/\/parafia.pawezow.net\/wp\/wp-json\/wp\/v2\/posts\/2369\/revisions"}],"predecessor-version":[{"id":2370,"href":"http:\/\/parafia.pawezow.net\/wp\/wp-json\/wp\/v2\/posts\/2369\/revisions\/2370"}],"wp:featuredmedia":[{"embeddable":true,"href":"http:\/\/parafia.pawezow.net\/wp\/wp-json\/wp\/v2\/media\/579"}],"wp:attachment":[{"href":"http:\/\/parafia.pawezow.net\/wp\/wp-json\/wp\/v2\/media?parent=2369"}],"wp:term":[{"taxonomy":"category","embeddable":true,"href":"http:\/\/parafia.pawezow.net\/wp\/wp-json\/wp\/v2\/categories?post=2369"},{"taxonomy":"post_tag","embeddable":true,"href":"http:\/\/parafia.pawezow.net\/wp\/wp-json\/wp\/v2\/tags?post=2369"}],"curies":[{"name":"wp","href":"https:\/\/api.w.org\/{rel}","templated":true}]}}