{"id":2381,"date":"2023-04-30T03:00:00","date_gmt":"2023-04-30T01:00:00","guid":{"rendered":"http:\/\/parafia.pawezow.net\/wp\/?p=2381"},"modified":"2023-04-29T20:15:12","modified_gmt":"2023-04-29T18:15:12","slug":"czwarta-niedziela-wielkanocy-4","status":"publish","type":"post","link":"http:\/\/parafia.pawezow.net\/wp\/2023\/04\/30\/czwarta-niedziela-wielkanocy-4\/","title":{"rendered":"Czwarta Niedziela Wielkanocy"},"content":{"rendered":"\n<div class=\"wp-block-file\"><a id=\"wp-block-file--media-ef146af1-4a25-4ed2-8630-941e53bf13a5\" href=\"http:\/\/parafia.pawezow.net\/wp\/wp-content\/uploads\/2023\/04\/Oredzie-Ojca-Swietego-Franciszka-na-60-Tydzien-Modlitw-o-Powolania-2023.pdf\" target=\"_blank\" rel=\"noreferrer noopener\">Or\u0119dzie Ojca \u015awi\u0119tego Franciszka na 60 Tydzie\u0144 Modlitw o Powo\u0142ania &#8211; 2023<\/a><a href=\"http:\/\/parafia.pawezow.net\/wp\/wp-content\/uploads\/2023\/04\/Oredzie-Ojca-Swietego-Franciszka-na-60-Tydzien-Modlitw-o-Powolania-2023.pdf\" class=\"wp-block-file__button wp-element-button\" download aria-describedby=\"wp-block-file--media-ef146af1-4a25-4ed2-8630-941e53bf13a5\">Pobierz<\/a><\/div>\n\n\n\n<p>1. Dzisiejsz\u0105 niedziel\u0119 prze\u017cywamy w Ko\u015bciele jako \u015awiatowy Dzie\u0144 Modlitw o Powo\u0142ania Kap\u0142a\u0144skie i Zakonne. Rozpoczynaj\u0105 si\u0119 te\u017c Kwartalne dni modlitw o powo\u0142ania do s\u0142u\u017cby w&nbsp;Ko\u015bciele. Ci\u0105gle musimy prosi\u0107 Jezusa Chrystusa \u2013 Dobrego Pasterza, aby nigdy nie zabrak\u0142o nowych pracownik\u00f3w w Bo\u017cej Winnicy. Musimy modli\u0107 si\u0119 o dobre i liczne powo\u0142ania kap\u0142a\u0144skie i zakonne, o ludzi gotowych p\u00f3j\u015b\u0107 przemienia\u0107 serca innych, podj\u0105\u0107 trudne zadania wobec wsp\u00f3\u0142czesnego \u015bwiata.<\/p>\n\n\n\n<p>2. Od jutra rozpoczniemy Maryjny miesi\u0105c maj. Codziennie b\u0119dziemy gromadzili si\u0119 wok\u00f3\u0142 o\u0142tarza na Eucharystii i na tak kochanym przez starszych i m\u0142odszych majowym nabo\u017ce\u0144stwem. Tyle wa\u017cnych spraw mamy do omodlenia przed obliczem Matki Bo\u017cej. Zadbajmy te\u017c o Jej wizerunki w naszych domach i w przydro\u017cnych kapliczkach. Rodzinnie gromad\u017amy si\u0119 przy nich na \u015bpiewanie Litanii loreta\u0144skiej, pie\u015bni maryjnych, na r\u00f3\u017caniec czy wieczorny Apel Jasnog\u00f3rski.<\/p>\n\n\n\n<p>3. Jutro, 1 maja przypada wspomnienie \u015awi\u0119tego J\u00f3zefa Robotnika.<\/p>\n\n\n\n<p>4. We wtorek przypada Dzie\u0144 Flagi Rzeczypospolitej Polskiej. Modlitw\u0105 ogarniemy te\u017c rodak\u00f3w \u017cyj\u0105cych poza granicami naszej ojczyzny. Nie zapomnijmy o&nbsp;wywieszeniu flag. W tym dniu patronuje nam \u015bw. Atanazy, biskup i doktor Ko\u015bcio\u0142a.<\/p>\n\n\n\n<p>5. Pierwsza Spowied\u017a \u015awi\u0119ta rozpocznie si\u0119 o godz. 9:00. Zapraszamy z Rodzicami i krewnymi do Spowiedzi \u015aw.<\/p>\n\n\n\n<p>6. W \u015brod\u0119 3 maja, przypada uroczysto\u015b\u0107 <strong>Naj\u015bwi\u0119tszej Maryi Panny, Kr\u00f3lowej Polski<\/strong>, g\u0142\u00f3wnej Patronki naszej ojczyzny. To tak\u017ce kolejna rocznica uchwalenia Konstytucji 3 Maja w 1791 roku.<\/p>\n\n\n\n<p>Zapraszamy na wsp\u00f3ln\u0105 modlitw\u0119, aby przez wstawiennictwo Kr\u00f3lowej Polski wyprasza\u0107 Bo\u017c\u0105 opiek\u0119 dla ca\u0142ego naszego narodu, szczeg\u00f3lnie dar jedno\u015bci i wzajemnego szacunku.<\/p>\n\n\n\n<p>Msze \u015awi\u0119te w naszej \u015bwi\u0105tyni b\u0119d\u0105 sprawowane wed\u0142ug porz\u0105dku niedzielnego, o godz. 7:30, 10:00 i 16:00.<\/p>\n\n\n\n<p><strong>Msz\u0119 \u015awi\u0119t\u0105 Pierwszokomunijn\u0105 o godz. 11:00 zostawmy tylko dla Rodzic\u00f3w i Rodzin Dzieci Komunijnych.<\/strong><\/p>\n\n\n\n<p>7. W czwartek czcimy \u015aw. Floriana, patrona Stra\u017cak\u00f3w. Z tej okazji zapraszamy do modlitwy w ich intencji. O godz. 18:00 b\u0119dzie sprawowana Msza \u015awi\u0119ta.<\/p>\n\n\n\n<p>8. W tym tygodniu przypada pierwszy czwartek, pierwszy pi\u0105tek i pierwsza sobota miesi\u0105ca. Okazja do spowiedzi codziennie p\u00f3\u0142 godziny przed Msz\u0105 \u015awi\u0119t\u0105, a w pierwszy pi\u0105tek od godz. 17:00. Chorych odwiedzimy od godz. 7:30.<\/p>\n\n\n\n<p>Po wieczornym nabo\u017ce\u0144stwie rozpocznie si\u0119 ca\u0142onocna adoracja Naj\u015bwi\u0119tszego Sakramentu. Zach\u0119camy do zapis\u00f3w na czuwanie, lista jest dost\u0119pna na stoliku z pras\u0105.<\/p>\n\n\n\n<p>Z racji rocznicy Pierwszej Komunii \u015awi\u0119tej, R\u00f3\u017caniec pierwszosobotni b\u0119dzie odm\u00f3wiony rano, a po nim zmiana tajemnic r\u00f3\u017ca\u0144cowych. W tym dniu patronuj\u0105 \u015aw. Aposto\u0142owie Filip i Jakub.<\/p>\n\n\n\n<p>9. W przysz\u0142\u0105 niedziel\u0119 rozpocznie si\u0119 Renowacja Misji \u015awi\u0119tych, kt\u00f3ra potrwa do czwartku 11 maja. Msze \u015awi\u0119te b\u0119d\u0105 sprawowane wed\u0142ugg porz\u0105dku niedzielnego, a w tygodniu o godz. 8:00 i 18:00. Dzieci szkolne b\u0119d\u0105 mia\u0142y nauki w czasie zaj\u0119\u0107 szkolnych (o godz. 10:30, i 11:30) do \u015brody. W czwartek zako\u0144czenie renowacji o godz. 8:00 i 18:00.<\/p>\n\n\n\n<p>Program renowacji jest na stoliku z pras\u0105. Prosz\u0119 zabra\u0107 do ka\u017cdego domu.<\/p>\n\n\n\n<p>10. Sk\u0142adamy serdeczne podzi\u0119kowania za ofiary z\u0142o\u017cone na sprz\u0105tanie ko\u015bcio\u0142a rodzinom Rusin, Bogacz, P\u0142aczek, Naw\u00f3j, a na ten tydzie\u0144 prosimy rodziny Tokarscy, Golesz, Schab, Kiwior, Juza oraz rodzic\u00f3w Dzieci Pierwszokomunijnych Rocznicowych.<\/p>\n\n\n\n<p><strong>Wszystkim na ca\u0142y tydzie\u0144 \u017cyczymy Szcz\u0119\u015b\u0107 Bo\u017ce.<\/strong><\/p>\n","protected":false},"excerpt":{"rendered":"<p>Dzisiejsz\u0105 niedziel\u0119 prze\u017cywamy w Ko\u015bciele jako \u015awiatowy Dzie\u0144 Modlitw o Powo\u0142ania Kap\u0142a\u0144skie i Zakonne. Rozpoczynaj\u0105 si\u0119 te\u017c Kwartalne dni modlitw o powo\u0142ania do s\u0142u\u017cby w\u00a0Ko\u015bciele. Ci\u0105gle musimy prosi\u0107 Jezusa Chrystusa \u2013 Dobrego Pasterza, aby nigdy nie zabrak\u0142o nowych pracownik\u00f3w w Bo\u017cej Winnicy. Musimy modli\u0107 si\u0119 o dobre i liczne powo\u0142ania kap\u0142a\u0144skie i zakonne, o ludzi gotowych p\u00f3j\u015b\u0107 przemienia\u0107 serca innych, podj\u0105\u0107 trudne zadania wobec wsp\u00f3\u0142czesnego \u015bwiata.<\/p>\n","protected":false},"author":2,"featured_media":579,"comment_status":"closed","ping_status":"closed","sticky":false,"template":"","format":"standard","meta":{"ngg_post_thumbnail":0,"footnotes":""},"categories":[5],"tags":[],"class_list":["post-2381","post","type-post","status-publish","format-standard","has-post-thumbnail","hentry","category-ogloszenia"],"_links":{"self":[{"href":"http:\/\/parafia.pawezow.net\/wp\/wp-json\/wp\/v2\/posts\/2381","targetHints":{"allow":["GET"]}}],"collection":[{"href":"http:\/\/parafia.pawezow.net\/wp\/wp-json\/wp\/v2\/posts"}],"about":[{"href":"http:\/\/parafia.pawezow.net\/wp\/wp-json\/wp\/v2\/types\/post"}],"author":[{"embeddable":true,"href":"http:\/\/parafia.pawezow.net\/wp\/wp-json\/wp\/v2\/users\/2"}],"replies":[{"embeddable":true,"href":"http:\/\/parafia.pawezow.net\/wp\/wp-json\/wp\/v2\/comments?post=2381"}],"version-history":[{"count":1,"href":"http:\/\/parafia.pawezow.net\/wp\/wp-json\/wp\/v2\/posts\/2381\/revisions"}],"predecessor-version":[{"id":2383,"href":"http:\/\/parafia.pawezow.net\/wp\/wp-json\/wp\/v2\/posts\/2381\/revisions\/2383"}],"wp:featuredmedia":[{"embeddable":true,"href":"http:\/\/parafia.pawezow.net\/wp\/wp-json\/wp\/v2\/media\/579"}],"wp:attachment":[{"href":"http:\/\/parafia.pawezow.net\/wp\/wp-json\/wp\/v2\/media?parent=2381"}],"wp:term":[{"taxonomy":"category","embeddable":true,"href":"http:\/\/parafia.pawezow.net\/wp\/wp-json\/wp\/v2\/categories?post=2381"},{"taxonomy":"post_tag","embeddable":true,"href":"http:\/\/parafia.pawezow.net\/wp\/wp-json\/wp\/v2\/tags?post=2381"}],"curies":[{"name":"wp","href":"https:\/\/api.w.org\/{rel}","templated":true}]}}