{"id":2400,"date":"2023-05-21T03:00:00","date_gmt":"2023-05-21T01:00:00","guid":{"rendered":"http:\/\/parafia.pawezow.net\/wp\/?p=2400"},"modified":"2023-05-20T20:39:48","modified_gmt":"2023-05-20T18:39:48","slug":"uroczystosc-wniebowstapienia-panskiego-3","status":"publish","type":"post","link":"http:\/\/parafia.pawezow.net\/wp\/2023\/05\/21\/uroczystosc-wniebowstapienia-panskiego-3\/","title":{"rendered":"Uroczysto\u015b\u0107 Wniebowst\u0105pienia Pa\u0144skiego"},"content":{"rendered":"\n<div class=\"wp-block-file\"><a id=\"wp-block-file--media-576bd04d-23c3-48f4-b69c-bb0bbe66f4a5\" href=\"http:\/\/parafia.pawezow.net\/wp\/wp-content\/uploads\/2023\/05\/Informacje-o-Diecezjalnym-Swiecie-Rodziny.pdf\" target=\"_blank\" rel=\"noreferrer noopener\">Informacje o Diecezjalnym \u015awi\u0119cie Rodziny<\/a><a href=\"http:\/\/parafia.pawezow.net\/wp\/wp-content\/uploads\/2023\/05\/Informacje-o-Diecezjalnym-Swiecie-Rodziny.pdf\" class=\"wp-block-file__button wp-element-button\" download aria-describedby=\"wp-block-file--media-576bd04d-23c3-48f4-b69c-bb0bbe66f4a5\">Pobierz<\/a><\/div>\n\n\n\n<p>1. Dzi\u015b uroczysto\u015b\u0107 Wniebowst\u0105pienia Pa\u0144skiego. My wpatrujemy si\u0119 w g\u00f3r\u0119, ka\u017cdego dnia pod\u0105\u017camy za Nim, obieramy ten w\u0142a\u015bnie kierunek, krocz\u0105c po ziemskich drogach wiary. Moc do tej w\u0119dr\u00f3wki czerpiemy z samego Chrystusa obecnego w Eucharystii, odwag\u0119 i si\u0142y \u2013 z Ducha \u015awi\u0119tego, kt\u00f3ry nieustannie nas wspiera i pociesza.<\/p>\n\n\n\n<p>2. W \u015brod\u0119 przypada wspomnienie Naj\u015bwi\u0119tszej Maryi Panny Wspomo\u017cycielki Wiernych. B\u0119dziemy te\u017c modli\u0107 si\u0119 za Ko\u015bci\u00f3\u0142 w&nbsp;Chinach.<\/p>\n\n\n\n<p><strong>3. W pi\u0105tek o 15.00 w naszym ko\u015bciele odb\u0119dzie si\u0119 egzamin przed Bierzmowaniem dla m\u0142odzie\u017cy klasy 7. Prosimy o obecno\u015b\u0107 razem z rodzicami.<\/strong><\/p>\n\n\n\n<p>4. W pi\u0105tek przypada Dzie\u0144 Matki. Niech nie zabraknie wdzi\u0119cznej pami\u0119ci o&nbsp;naszych mamach, tych \u017cyj\u0105cych i tych, kt\u00f3re Pan B\u00f3g przywo\u0142a\u0142 ju\u017c do siebie. Wszystkich zapraszam na wsp\u00f3ln\u0105 modlitw\u0119 o godz. 18:00, w czasie kt\u00f3rej przez wstawiennictwo Naj\u015bwi\u0119tszej ze wszystkich matek, Maryi, b\u0119dziemy dzi\u0119kowa\u0107 Bogu za nasze mamy, za ich dobre serca i r\u0119ce, b\u0119dziemy prosi\u0107 o potrzebne \u0142aski w ich codziennym utrudzeniu.<\/p>\n\n\n\n<p>5. W przysz\u0142\u0105 niedziel\u0119 przypada uroczysto\u015b\u0107 Zes\u0142ania Ducha \u015awi\u0119tego, tak zwane Zielone \u015awi\u0105tki. Warto te\u017c pami\u0119ta\u0107, \u017ce niedziela ta ko\u0144czy okres Wielkanocy i \u017ce to ostatni moment, aby zado\u015b\u0107uczyni\u0107 przykazaniu ko\u015bcielnemu nakazuj\u0105cemu Spowied\u017a i Komuni\u0119 \u015awi\u0119t\u0105 Wielkanocn\u0105. Do tej uroczysto\u015bci przygotowujemy si\u0119 przez specjaln\u0105 nowenn\u0119. W\u0142\u0105czmy si\u0119 do tej modlitwy podczas liturgii w naszym ko\u015bciele lub prywatnie odmawiajmy j\u0105 w domu.<\/p>\n\n\n\n<p>6. Na zako\u0144czenie maja, 31 maja jest planowana Maj\u00f3wka pod kapliczk\u0105.<\/p>\n\n\n\n<p>7. W tym roku procesja Bo\u017cego Cia\u0142a jest planowana w stron\u0119 stadionu. O\u0142tarze b\u0119d\u0105 si\u0119 znajdowa\u0107 przy posesji Artura Seredy, pod krzy\u017cem na skrzy\u017cowaniu, pod szko\u0142\u0105 oraz pod krzy\u017cem misyjnym. Prosimy, aby mieszka\u0144cy tego rejonu w\u0142\u0105czyli si\u0119 w przygotowanie o\u0142tarzy.<\/p>\n\n\n\n<p>8. Sk\u0142adamy serdeczne podzi\u0119kowania za ofiary z\u0142o\u017cone na sprz\u0105tanie ko\u015bcio\u0142a rodzinom Barna\u015b, Albertusiak, Barna\u015b, Krzy\u015bko, Gw\u00f3\u017ad\u017a, Serednicka, a na ten tydzie\u0144 prosimy rodziny Proszowski, P\u0119kala, Korczykowski, Sobol, Sobol.<\/p>\n\n\n\n<p>9. W minionym tygodniu odesz\u0142a do wieczno\u015bci \u015bp. Genowefa Drwal, lat 83. Rodzinie zmar\u0142ej sk\u0142adamy szczere wyrazy wsp\u00f3\u0142czucia chrze\u015bcija\u0144skiego, a jej dusz\u0119 polecamy Mi\u0142osierdziu Bo\u017cemu.<\/p>\n\n\n\n<p><em>Dobry Jezu a nasz Panie \u2013 daj jej wieczne spoczywanie.<\/em><\/p>\n\n\n\n<p>Za dusz\u0119 \u015bp. Genowefy zosta\u0142o przekazanych do odprawienia 77 intencji mszalnych, zam\u00f3wionych z okazji pogrzebu.<\/p>\n\n\n\n<p><strong>W TYM TYGODNIU PATRONUJE NAM:<\/strong><\/p>\n\n\n\n<ul class=\"wp-block-list\">\n<li>pi\u0105tek \u2013 \u015bw. Filip Nereusz, wychowawca m\u0142odzie\u017cy i opiekun ludzi chorych.<\/li>\n<\/ul>\n\n\n\n<p><strong>Wszystkim na ca\u0142y tydzie\u0144 \u017cyczymy Szcz\u0119\u015b\u0107 Bo\u017ce.<\/strong><strong><\/strong><\/p>\n","protected":false},"excerpt":{"rendered":"<p>Dzi\u015b uroczysto\u015b\u0107 Wniebowst\u0105pienia Pa\u0144skiego. My wpatrujemy si\u0119 w g\u00f3r\u0119, ka\u017cdego dnia pod\u0105\u017camy za Nim, obieramy ten w\u0142a\u015bnie kierunek, krocz\u0105c po ziemskich drogach wiary. Moc do tej w\u0119dr\u00f3wki czerpiemy z samego Chrystusa obecnego w Eucharystii, odwag\u0119 i si\u0142y \u2013 z Ducha \u015awi\u0119tego, kt\u00f3ry nieustannie nas wspiera i pociesza.<\/p>\n","protected":false},"author":2,"featured_media":579,"comment_status":"closed","ping_status":"closed","sticky":false,"template":"","format":"standard","meta":{"ngg_post_thumbnail":0,"footnotes":""},"categories":[5],"tags":[],"class_list":["post-2400","post","type-post","status-publish","format-standard","has-post-thumbnail","hentry","category-ogloszenia"],"_links":{"self":[{"href":"http:\/\/parafia.pawezow.net\/wp\/wp-json\/wp\/v2\/posts\/2400","targetHints":{"allow":["GET"]}}],"collection":[{"href":"http:\/\/parafia.pawezow.net\/wp\/wp-json\/wp\/v2\/posts"}],"about":[{"href":"http:\/\/parafia.pawezow.net\/wp\/wp-json\/wp\/v2\/types\/post"}],"author":[{"embeddable":true,"href":"http:\/\/parafia.pawezow.net\/wp\/wp-json\/wp\/v2\/users\/2"}],"replies":[{"embeddable":true,"href":"http:\/\/parafia.pawezow.net\/wp\/wp-json\/wp\/v2\/comments?post=2400"}],"version-history":[{"count":1,"href":"http:\/\/parafia.pawezow.net\/wp\/wp-json\/wp\/v2\/posts\/2400\/revisions"}],"predecessor-version":[{"id":2402,"href":"http:\/\/parafia.pawezow.net\/wp\/wp-json\/wp\/v2\/posts\/2400\/revisions\/2402"}],"wp:featuredmedia":[{"embeddable":true,"href":"http:\/\/parafia.pawezow.net\/wp\/wp-json\/wp\/v2\/media\/579"}],"wp:attachment":[{"href":"http:\/\/parafia.pawezow.net\/wp\/wp-json\/wp\/v2\/media?parent=2400"}],"wp:term":[{"taxonomy":"category","embeddable":true,"href":"http:\/\/parafia.pawezow.net\/wp\/wp-json\/wp\/v2\/categories?post=2400"},{"taxonomy":"post_tag","embeddable":true,"href":"http:\/\/parafia.pawezow.net\/wp\/wp-json\/wp\/v2\/tags?post=2400"}],"curies":[{"name":"wp","href":"https:\/\/api.w.org\/{rel}","templated":true}]}}