{"id":2516,"date":"2023-12-17T03:00:00","date_gmt":"2023-12-17T02:00:00","guid":{"rendered":"http:\/\/parafia.pawezow.net\/wp\/?p=2516"},"modified":"2023-12-18T23:39:35","modified_gmt":"2023-12-18T22:39:35","slug":"niedziela-gaudete-4","status":"publish","type":"post","link":"http:\/\/parafia.pawezow.net\/wp\/2023\/12\/17\/niedziela-gaudete-4\/","title":{"rendered":"Niedziela Gaudete"},"content":{"rendered":"\n<p>1. \u201eRadujcie si\u0119 w Panu!\u201d \u2013 dzisiejsza niedziela <em>Gaudete<\/em>, to niedziela rado\u015bci, \u017ce Pan ju\u017c jest blisko, \u017ce ju\u017c przychodzi, by nam udzieli\u0107 swoich dar\u00f3w, co podkre\u015bla kolor r\u00f3\u017cowy szat liturgicznych. Otwierajmy si\u0119 na przychodz\u0105cego Pana, kt\u00f3ry pragnie towarzyszy\u0107 naszej codzienno\u015bci.<\/p>\n\n\n\n<p>Niech pomo\u017ce nam w tym oczyszczenie naszych serc w spowiedzi \u015bwi\u0119tej, do kt\u00f3rej przyst\u0105pi\u0107 mo\u017cna ka\u017cdego dnia przed Eucharysti\u0105, a w \u015brod\u0119 od godz. 15 do 17 z p\u00f3\u0142godzinn\u0105 przerw\u0105. B\u0119d\u0105 spowiada\u0107 kap\u0142ani z innych parafii.<\/p>\n\n\n\n<p><strong>Z racji spowiedzi w naszym dekanacie zosta\u0142y zmienione godziny Mszy \u015awi\u0119tych w tym tygodniu \u2013 we wtorek o godz. 17:30, a w pi\u0105tek i sobota o godz. 7:00 (Roraty). Nie b\u0119dzie w tych dniach Mszy \u015awi\u0119tych wieczornych.<\/strong><\/p>\n\n\n\n<p>2. Chorych odwiedzimy przed \u015bwi\u0119tami w poniedzia\u0142ek od godz. 8:00. Prosimy o zg\u0142oszenia dodatkowych os\u00f3b.<\/p>\n\n\n\n<p>3. Do \u015bwi\u0105t Bo\u017cego Narodzenia coraz bli\u017cej, pozosta\u0142 ju\u017c zaledwie tydzie\u0144, albowiem tegoroczny Adwent jest najkr\u00f3tszym z mo\u017cliwych. Postarajmy si\u0119 o ich pi\u0119kny, chrze\u015bcija\u0144ski obch\u00f3d. W polskiej tradycji wyra\u017ca si\u0119 to zw\u0142aszcza przez dzielenie si\u0119 op\u0142atkiem w wigili\u0119 tej uroczysto\u015bci.<\/p>\n\n\n\n<p>4. Pan Organista zako\u0144czy\u0142 ju\u017c roznoszenie op\u0142atk\u00f3w do naszych dom\u00f3w. Rodziny, kt\u00f3re nie by\u0142y obecne w domach mog\u0105 odebra\u0107 op\u0142atki w zakrystii. B\u00f3g zap\u0142a\u0107 za z\u0142o\u017cone ofiary.<\/p>\n\n\n\n<p>5. Przypominamy, \u017ce mamy obowi\u0105zek uczestniczenia we Mszy \u015awi\u0119tej niedzielnej w Wigili\u0119 Bo\u017cego Narodzenia. W naszym ko\u015bciele Msze \u015awi\u0119te b\u0119d\u0105 sprawowane o godz. <strong>7:30, 10:00 i<\/strong><strong> 14:00 (nie b\u0119dzie Mszy \u015awi\u0119tej o godz. 16:00)<\/strong>. Przypominamy, \u017ce pasterka nale\u017cy ju\u017c do \u015awi\u0119ta Bo\u017cego Narodzenia. Ofiary z\u0142o\u017cone w czasie pasterki b\u0119d\u0105 przeznaczone na Fundusz Ochrony \u017bycia.<\/p>\n\n\n\n<p>6. W przysz\u0142\u0105 niedziel\u0119 wigilia Bo\u017cego Narodzenia ze szczeg\u00f3lnie prze\u017cywanym wieczorem: zacznijmy t\u0119 wieczorn\u0105 celebracj\u0119 w gronie rodziny wsp\u00f3ln\u0105 modlitw\u0105, wzajemnym pojednaniem, prze\u0142amaniem si\u0119 op\u0142atkiem i z\u0142o\u017ceniem serdecznych \u017cycze\u0144, a po niej przyjd\u017amy na Pasterk\u0119 o p\u00f3\u0142nocy.<\/p>\n\n\n\n<p>7. Rodzic\u00f3w prosimy o pomoc w zorganizowaniu grup Kol\u0119dnik\u00f3w Misyjnych, kt\u00f3rzy zostan\u0105 pos\u0142ani w \u015bwi\u0119to \u015aw. Szczepana (26 grudnia) w czasie Sumy.<\/p>\n\n\n\n<p>8. W nadchodz\u0105cym tygodniu poza parafi\u0105 b\u0119d\u0105 sprawowane Msze \u015awi\u0119te w intencji \u015bp. Stanis\u0142awa Kie\u0142basy (zamawiane z okazji pogrzebu) oraz \u015bp. \u0141ukasza Kornausa (greg. od 2 XII z Mszy zam\u00f3wionych w czasie pogrzebu).<\/p>\n\n\n\n<p>9. Sk\u0142adamy podzi\u0119kowania za ofiary z\u0142o\u017cone na sprz\u0105tanie ko\u015bcio\u0142a rodzinom Pyjor, S\u00f3wka, a na ten tydzie\u0144 prosimy rodziny Sak, Piwek, Latocha, Ostr\u0119ga, Ostr\u0119ga, Galus, Wajda, Rydzy, Limanowski, Stolarczyk. Wyznaczonych zosta\u0142o wi\u0119cej rodzin, z racji konieczno\u015bci przygotowania ko\u015bcio\u0142a na \u015bwi\u0119ta.<\/p>\n\n\n\n<p>10. Solenizantom i jubilatom tego tygodnia przekazujemy nasze serdeczno\u015bci i \u017cyczenia.<\/p>\n\n\n\n<p><strong>Wszystkim na ca\u0142y tydzie\u0144 \u017cyczymy Szcz\u0119\u015b\u0107 Bo\u017ce.<\/strong><\/p>\n","protected":false},"excerpt":{"rendered":"<p>\u201eRadujcie si\u0119 w Panu!\u201d \u2013 dzisiejsza niedziela Gaudete, to niedziela rado\u015bci, \u017ce Pan ju\u017c jest blisko, \u017ce ju\u017c przychodzi, by nam udzieli\u0107 swoich dar\u00f3w, co podkre\u015bla kolor r\u00f3\u017cowy szat liturgicznych. Otwierajmy si\u0119 na przychodz\u0105cego Pana, kt\u00f3ry pragnie towarzyszy\u0107 naszej codzienno\u015bci.<\/p>\n","protected":false},"author":2,"featured_media":2272,"comment_status":"closed","ping_status":"closed","sticky":false,"template":"","format":"standard","meta":{"ngg_post_thumbnail":0,"footnotes":""},"categories":[5],"tags":[],"class_list":["post-2516","post","type-post","status-publish","format-standard","has-post-thumbnail","hentry","category-ogloszenia"],"_links":{"self":[{"href":"http:\/\/parafia.pawezow.net\/wp\/wp-json\/wp\/v2\/posts\/2516","targetHints":{"allow":["GET"]}}],"collection":[{"href":"http:\/\/parafia.pawezow.net\/wp\/wp-json\/wp\/v2\/posts"}],"about":[{"href":"http:\/\/parafia.pawezow.net\/wp\/wp-json\/wp\/v2\/types\/post"}],"author":[{"embeddable":true,"href":"http:\/\/parafia.pawezow.net\/wp\/wp-json\/wp\/v2\/users\/2"}],"replies":[{"embeddable":true,"href":"http:\/\/parafia.pawezow.net\/wp\/wp-json\/wp\/v2\/comments?post=2516"}],"version-history":[{"count":1,"href":"http:\/\/parafia.pawezow.net\/wp\/wp-json\/wp\/v2\/posts\/2516\/revisions"}],"predecessor-version":[{"id":2517,"href":"http:\/\/parafia.pawezow.net\/wp\/wp-json\/wp\/v2\/posts\/2516\/revisions\/2517"}],"wp:featuredmedia":[{"embeddable":true,"href":"http:\/\/parafia.pawezow.net\/wp\/wp-json\/wp\/v2\/media\/2272"}],"wp:attachment":[{"href":"http:\/\/parafia.pawezow.net\/wp\/wp-json\/wp\/v2\/media?parent=2516"}],"wp:term":[{"taxonomy":"category","embeddable":true,"href":"http:\/\/parafia.pawezow.net\/wp\/wp-json\/wp\/v2\/categories?post=2516"},{"taxonomy":"post_tag","embeddable":true,"href":"http:\/\/parafia.pawezow.net\/wp\/wp-json\/wp\/v2\/tags?post=2516"}],"curies":[{"name":"wp","href":"https:\/\/api.w.org\/{rel}","templated":true}]}}