{"id":2833,"date":"2024-06-01T10:28:36","date_gmt":"2024-06-01T08:28:36","guid":{"rendered":"http:\/\/parafia.pawezow.net\/wp\/?p=2833"},"modified":"2024-06-05T07:13:07","modified_gmt":"2024-06-05T05:13:07","slug":"ix-niedziela-w-ciagu-roku-02-06-2024","status":"publish","type":"post","link":"http:\/\/parafia.pawezow.net\/wp\/2024\/06\/01\/ix-niedziela-w-ciagu-roku-02-06-2024\/","title":{"rendered":"IX Niedziela w ci\u0105gu roku &#8211; 02.06.2024"},"content":{"rendered":"\n<p>1. Liturgia s\u0142owa przypomnia\u0142a o potrzebie \u015bwi\u0119towania dnia po\u015bwi\u0119conego dla Pana. Prawo Moj\u017ceszowe m\u00f3wi\u0142o o obowi\u0105zku, za\u015b Pan Jezus wskaza\u0142 jeszcze g\u0142\u0119bszy, bo duchowy sens \u015bwi\u0119towania. Ma ono prowadzi\u0107 do pomna\u017cania dobra, do naszego ubogacenia i&nbsp;u\u015bwi\u0119cenia\u2026<\/p>\n\n\n\n<p>2. Rozpocz\u0105\u0142 si\u0119 miesi\u0105c czerwiec, kt\u00f3ry jest po\u015bwi\u0119cony czci Naj\u015bwi\u0119tszego Serca Pana Jezusa.<\/p>\n\n\n\n<p>3. Dzisiejsza niedziela w naszej Ojczy\u017anie obchodzona jest jako Dzie\u0144 Dzi\u0119kczynienia. Ka\u017cda i ka\u017cdy z nas ma za co Bogu dzi\u0119kowa\u0107, zatem nie b\u00f3jmy si\u0119 tego dzi\u0119kczynienia sk\u0142ada\u0107. Przede wszystkim dzi\u0119kujmy Bogu za Jego niepoj\u0119t\u0105 i niesko\u0144czon\u0105 mi\u0142o\u015b\u0107, za dar Jego Wcielenia i Odkupienia.<\/p>\n\n\n\n<p>4. Trwamy w tak zwanej \u201eoktawie\u201d uroczysto\u015bci Bo\u017cego Cia\u0142a. Wieczorn\u0105 Eucharysti\u0119 odprawiamy wraz z procesj\u0105 wok\u00f3\u0142 ko\u015bcio\u0142a. W czwartek po procesji b\u0142ogos\u0142awie\u0144stwo dzieci oraz wiank\u00f3w.<\/p>\n\n\n\n<p>5. W pierwszy pi\u0105tek czerwca uroczysto\u015b\u0107 Naj\u015bwi\u0119tszego Serca Pana Jezusa, kt\u00f3ra jest r\u00f3wnie\u017c \u015awiatowym Dniem Modlitw o U\u015bwi\u0119cenie Kap\u0142an\u00f3w. B\u0119dzie r\u00f3wnie\u017c procesja. Odwiedziny chorych od 7.30, mo\u017cliwo\u015b\u0107 spowiedzi codziennie p\u00f3\u0142 godziny przed wieczornym nabo\u017ce\u0144stwem. Ofiary na misje. Przypominamy r\u00f3wnie\u017c, \u017ce w tym uroczystym dniu nie obowi\u0105zuje nas wstrzemi\u0119\u017aliwo\u015b\u0107 od pokarm\u00f3w mi\u0119snych.<\/p>\n\n\n\n<p>6. W sobot\u0119 przypada wspomnienie Niepokalanego Serca Naj\u015bwi\u0119tszej Maryi Panny.<\/p>\n\n\n\n<p>7. Sk\u0142adamy serdeczne podzi\u0119kowania za udzia\u0142 w Uroczysto\u015bci Bo\u017cego Cia\u0142a, przygotowanie o\u0142tarzy i udzia\u0142 w procesji. Uczestniczmy tak\u017ce licznie w Oktawie. Sk\u0142adamy podzi\u0119kowania za ofiary z\u0142o\u017cone w Bo\u017ce Cia\u0142o na hospicja 1820z\u0142 oraz za ofiary na sprz\u0105tanie ko\u015bcio\u0142a rodz. Danuta P\u0119kala, Irena Korczykowska, Maria Sobol, Ma\u0142gorzata Sobol, a na ten tydz. prosimy rodz. J\u0119kot, J\u0119kot, Zuzia, Misiura, Misiura.<\/p>\n\n\n\n<p>8. W nast\u0119pn\u0105 niedziel\u0119 zbi\u00f3rka do puszek przed ko\u015bcio\u0142em na Uniwersytet Papieski JPII w Krakowie i Tarnowie (taca inwestycyjna).<\/p>\n\n\n\n<p>9. Ks. Kamilowi Por\u0119bskiemu dzi\u0119kujemy za odprawienie Mszy Prymicyjnej i Jego Rodzicom za towarzyszenie w dzisiejszej uroczysto\u015bci.<\/p>\n\n\n\n<p>10. V Synod Diecezji Tarnowskiej przypomina nam, \u017ce przygotowanie do Pierwszej Komunii \u015awi\u0119tej i przyj\u0119cie jej powinno dokonywa\u0107 si\u0119 w parafii zamieszkania, a nie w parafii na terenie kt\u00f3rej znajduje si\u0119 szko\u0142a, do kt\u00f3rej ucz\u0119szcza dziecko. Daje to bowiem mo\u017cliwo\u015b\u0107 g\u0142\u0119bszego zintegrowania si\u0119 ze swoj\u0105 wsp\u00f3lnot\u0105 parafialn\u0105, w kt\u00f3rej prowadzone jest przygotowanie dzieci i rodzic\u00f3w podczas przeznaczonych dla nich spotka\u0144 i nabo\u017ce\u0144stw. W zwi\u0105zku z tym prosimy rodzic\u00f3w dzieci, kt\u00f3re w przysz\u0142ym roku b\u0119d\u0105 chcia\u0142y przyj\u0105\u0107 Pierwsz\u0105 Komuni\u0119 \u015awi\u0119t\u0105, o zg\u0142oszenie si\u0119 do swojej kancelarii parafialnej i zapisanie swojego dziecka na list\u0119 kandydat\u00f3w. Zapisy b\u0119d\u0105 trwa\u0142y do ko\u0144ca czerwca.<\/p>\n\n\n\n<p>10. Obchodz\u0105cym imieniny, rocznic\u0119 urodzin czy \u015blubu sk\u0142adamy najserdeczniejsze \u017cyczenia.<\/p>\n\n\n\n<p>11. W niedziel\u0119 16.06 po Sumie zebranie Rady Duszpasterskiej.<\/p>\n\n\n\n<p><strong>W TYM TYGODNIU PATRONUJ\u0104 NAM:<\/strong><\/p>\n\n\n\n<ul class=\"wp-block-list\">\n<li>poniedzia\u0142ek \u2013 \u015bw. \u015bw. Karol Lwanga i jego towarzysze, m\u0119czennicy z Ugandy, kt\u00f3rzy do\u0142\u0105czyli do grona s\u0142awnych m\u0119czennik\u00f3w pocz\u0105tk\u00f3w chrze\u015bcija\u0144stwa z teren\u00f3w p\u00f3\u0142nocnej Afryki.<\/li>\n\n\n\n<li>\u015broda \u2013 \u015bw. Bonifacy, aposto\u0142 i ewangelizator Europy Zachodniej, kt\u00f3ry poni\u00f3s\u0142 \u015bmier\u0107 podczas jednej z wypraw misyjnych w Saksonii.<\/li>\n<\/ul>\n\n\n\n<p class=\"has-large-font-size\"><strong>Intencje 03.06.-09.06.2024<\/strong><\/p>\n\n\n\n<figure class=\"wp-block-table\"><table><tbody><tr><td><strong>PONIEDZIA\u0141EK<\/strong><\/td><td><strong>18:00<\/strong><\/td><td>+Wies\u0142awa Wiatra w 30 dzie\u0144 po \u015bmierci od c\u00f3rki Katarzyny<\/td><\/tr><tr><td><strong>WTOREK<\/strong><\/td><td><strong>18:00<\/strong><\/td><td>++W\u0142odzimierza, Stanis\u0142awy S\u00f3wka<\/td><\/tr><tr><td><strong>\u015aRODA<\/strong><\/td><td><strong>18:00<\/strong><\/td><td>+Stanis\u0142awa Wszo\u0142ek w 18 rocznic\u0119 \u015bmierci<\/td><\/tr><tr><td><strong>CZWARTEK<\/strong><\/td><td><strong>18:00<\/strong><\/td><td>Za Parafian<\/td><\/tr><tr><td rowspan=\"2\"><strong>PI\u0104TEK<\/strong><\/td><td><strong>6:30<\/strong><\/td><td>+Mieczys\u0142awa Cierpika od rodziny Bogacz\u00f3w<\/td><\/tr><tr><td><strong>18:00<\/strong><\/td><td>++Jana, Heleny, syna Andrzeja Wi\u0119c\u0142awek, Teresy, Zdzis\u0142awa Bugajskich<\/td><\/tr><tr><td><strong>SOBOTA<\/strong><\/td><td><strong>6:30<\/strong><\/td><td>+Haliny Pot\u0119pa<\/td><\/tr><tr><td rowspan=\"3\"><strong>NIEDZIELA<\/strong><\/td><td><strong>7:30<\/strong><\/td><td>W 20 rocznic\u0119 \u015blubu Katarzyny i Bart\u0142omieja dzi\u0119kczynno-b\u0142agalna<\/td><\/tr><tr><td><strong>10:00<\/strong><\/td><td>+J\u00f3zefa Bawo\u0142 w 3 rocznic\u0119 \u015bmierci od dzieci z rodzinami<\/td><\/tr><tr><td><strong>16:00<\/strong><\/td><td>W intencji Jakuba w 18 rocznic\u0119 urodzin dzi\u0119kczynno-b\u0142agalna<\/td><\/tr><\/tbody><\/table><\/figure>\n\n\n\n<p class=\"has-text-align-center\"><strong>Wszystkim na ca\u0142y tydzie\u0144 \u017cyczymy Szcz\u0119\u015b\u0107 Bo\u017ce.<\/strong><\/p>\n","protected":false},"excerpt":{"rendered":"<p>Liturgia s\u0142owa przypomnia\u0142a o potrzebie \u015bwi\u0119towania dnia po\u015bwi\u0119conego dla Pana. Prawo Moj\u017ceszowe m\u00f3wi\u0142o o obowi\u0105zku, za\u015b Pan Jezus wskaza\u0142 jeszcze g\u0142\u0119bszy, bo duchowy sens \u015bwi\u0119towania. <\/p>\n","protected":false},"author":3,"featured_media":580,"comment_status":"closed","ping_status":"closed","sticky":false,"template":"","format":"standard","meta":{"ngg_post_thumbnail":0,"footnotes":""},"categories":[5],"tags":[],"class_list":["post-2833","post","type-post","status-publish","format-standard","has-post-thumbnail","hentry","category-ogloszenia"],"_links":{"self":[{"href":"http:\/\/parafia.pawezow.net\/wp\/wp-json\/wp\/v2\/posts\/2833","targetHints":{"allow":["GET"]}}],"collection":[{"href":"http:\/\/parafia.pawezow.net\/wp\/wp-json\/wp\/v2\/posts"}],"about":[{"href":"http:\/\/parafia.pawezow.net\/wp\/wp-json\/wp\/v2\/types\/post"}],"author":[{"embeddable":true,"href":"http:\/\/parafia.pawezow.net\/wp\/wp-json\/wp\/v2\/users\/3"}],"replies":[{"embeddable":true,"href":"http:\/\/parafia.pawezow.net\/wp\/wp-json\/wp\/v2\/comments?post=2833"}],"version-history":[{"count":6,"href":"http:\/\/parafia.pawezow.net\/wp\/wp-json\/wp\/v2\/posts\/2833\/revisions"}],"predecessor-version":[{"id":2863,"href":"http:\/\/parafia.pawezow.net\/wp\/wp-json\/wp\/v2\/posts\/2833\/revisions\/2863"}],"wp:featuredmedia":[{"embeddable":true,"href":"http:\/\/parafia.pawezow.net\/wp\/wp-json\/wp\/v2\/media\/580"}],"wp:attachment":[{"href":"http:\/\/parafia.pawezow.net\/wp\/wp-json\/wp\/v2\/media?parent=2833"}],"wp:term":[{"taxonomy":"category","embeddable":true,"href":"http:\/\/parafia.pawezow.net\/wp\/wp-json\/wp\/v2\/categories?post=2833"},{"taxonomy":"post_tag","embeddable":true,"href":"http:\/\/parafia.pawezow.net\/wp\/wp-json\/wp\/v2\/tags?post=2833"}],"curies":[{"name":"wp","href":"https:\/\/api.w.org\/{rel}","templated":true}]}}