{"id":2937,"date":"2024-07-20T13:20:02","date_gmt":"2024-07-20T11:20:02","guid":{"rendered":"http:\/\/parafia.pawezow.net\/wp\/?p=2937"},"modified":"2024-07-20T13:22:11","modified_gmt":"2024-07-20T11:22:11","slug":"2937","status":"publish","type":"post","link":"http:\/\/parafia.pawezow.net\/wp\/2024\/07\/20\/2937\/","title":{"rendered":"XVI Niedziela w ci\u0105gu roku \u2013 21.07.2024"},"content":{"rendered":"\n<p>1. B\u00f3g jest prawdziwie Dobrym Pasterzem, kt\u00f3ry lituje si\u0119 nad swoim ludem i obdarza go wieloma dobrodziejstwami. B\u0105d\u017amy wdzi\u0119czni za otrzymywane dary i&nbsp;starajmy si\u0119 do Niego zbli\u017ca\u0107 i z Nim jednoczy\u0107. Mo\u017ce warto w ten spos\u00f3b wykorzysta\u0107 trwaj\u0105cy okres wakacji.<\/p>\n\n\n\n<p>2. Bie\u017c\u0105cy tydzie\u0144 obfituje w obchody liturgiczne: w poniedzia\u0142ek przypada \u015bwi\u0119to \u015awi\u0119tej Marii Magdaleny, we wtorek \u2013 \u015awi\u0119tej Brygidy Szwedzkiej, w czwartek \u2013 \u015awi\u0119tego Jakuba, Aposto\u0142a. Dope\u0142niaj\u0105 je \u015brodowe wspomnienie \u015awi\u0119tej Kingi i pi\u0105tkowe \u2013 \u015awi\u0119tych Anny i&nbsp;Joachima.<\/p>\n\n\n\n<p>3. W przysz\u0142\u0105 niedziel\u0119 po Mszach \u015awi\u0119tych pob\u0142ogos\u0142awimy pojazdy i ich u\u017cytkownik\u00f3w z&nbsp;racji na przypadaj\u0105ce 25 lipca wspomnienie \u015awi\u0119tego Krzysztofa, patrona kierowc\u00f3w i&nbsp;podr\u00f3\u017cuj\u0105cych. Przy tej okazji b\u0119d\u0105 zbierane ofiary na akcj\u0119 MIVA, kt\u00f3ra funduje \u015brodki lokomocji dla misjonarzy. R\u00f3wnie\u017c w przysz\u0142\u0105 niedziel\u0119 po raz czwarty b\u0119dziemy prze\u017cywa\u0107 \u015awiatowy Dzie\u0144 Dziadk\u00f3w i Os\u00f3b Starszych.<\/p>\n\n\n\n<p>4. Sk\u0142adamy serdeczne podzi\u0119kowania za z\u0142o\u017cone dzi\u015b na tac\u0119 ofiary na WSD w Tarnowie oraz za ofiary na sprz\u0105tanie ko\u015bcio\u0142a rodzinom Patrycja Strojek, Krystyna Sak, Marta Paj\u0105k, Dorota Oleksyk, Joanna Burnat, Stanis\u0142awa Kotwis oraz Nowo\u017ce\u0144com z dnia wczorajszego za dekoracj\u0119 ko\u015bcio\u0142a, a na ten tydzie\u0144 prosimy rodziny Jagie\u0142a, Jagie\u0142a, Jagie\u0142a, Szczepa\u0144ski i Sielicki.<\/p>\n\n\n\n<p>5. \u017byczymy wszystkim wypoczywaj\u0105cym i udaj\u0105cym si\u0119 na wakacje bezpiecznego i&nbsp;radosnego czasu odpoczynku. Solenizantom i jubilatom natomiast \u017cyczymy wielu Bo\u017cych \u0142ask.<\/p>\n\n\n\n<p>6. W minionym tygodniu odszed\u0142 do wieczno\u015bci + Roman G\u0142owacz l. 68. Rodzinie Zmar\u0142ego sk\u0142adamy szczere wyrazy wsp\u00f3\u0142czucia chrze\u015bcija\u0144skiego, a Jego dusz\u0119 polecamy mi\u0142osierdziu Bo\u017cemu, <em>Dobry Jezu\u2026<\/em><\/p>\n\n\n\n<p>Pogrzeb +Romana odb\u0119dzie si\u0119 w naszym Ko\u015bciele w najbli\u017csz\u0105 sobot\u0119 27 lipca o godzinie 15:00. R\u00f3\u017caniec za Zmar\u0142ego b\u0119dzie dzisiaj po Mszy \u015aw. o 16:00 oraz w poniedzia\u0142ek i wtorek o godzinie 18:00 i p\u00f3\u0142 godziny przed pogrzebem w sobot\u0119.<\/p>\n\n\n\n<p><strong>W TYM TYGODNIU PATRONUJ\u0104 NAM:<\/strong><\/p>\n\n\n\n<ul class=\"wp-block-list\">\n<li>poniedzia\u0142ek \u2013 \u015bw. Maria Magdalena, Aposto\u0142ka Aposto\u0142\u00f3w, kt\u00f3ra zatrwo\u017conym uczniom jako pierwsza przynios\u0142a radosn\u0105 nowin\u0119 o zmartwychwstaniu Jezusa,<\/li>\n\n\n\n<li>wtorek \u2013 \u015bw. Brygida Szwedzka, wzorowa \u017cona i matka, zakonnica i mistyczka, kt\u00f3rej mistyczne spotkania z Jezusem stanowi\u0105 do dzisiaj inspiracj\u0119 dla chrze\u015bcijan,<\/li>\n\n\n\n<li>\u015broda \u2013 \u015bw. Kinga, ksi\u0119\u017cna i fundatorka klasztoru klarysek w S\u0105czu, kt\u00f3ra zosta\u0142a zapami\u0119tana jako pani pobo\u017cna, mi\u0142osierna i czu\u0142a na ludzk\u0105 niedol\u0119,<\/li>\n\n\n\n<li>czwartek \u2013 \u015bw. Jakub, Aposto\u0142, zwany Starszym lub Wi\u0119kszym, brat \u015bw. Jana Aposto\u0142a i Ewangelisty, kt\u00f3ry jako pierwszy z Aposto\u0142\u00f3w poni\u00f3s\u0142 \u015bmier\u0107 m\u0119cze\u0144sk\u0105,<\/li>\n\n\n\n<li>czwartek \u2013 \u015bw. Krzysztof, kt\u00f3rego imi\u0119 znaczy \u201enios\u0105cy Chrystusa\u201d i&nbsp;kt\u00f3ry patronuje kierowcom oraz podr\u00f3\u017cuj\u0105cym,<\/li>\n\n\n\n<li>pi\u0105tek \u2013 \u015bw. \u015bw. Anna i Joachim, rodzice Naj\u015bwi\u0119tszej Maryi Panny i dziadkowie Pana Jezusa.<\/li>\n<\/ul>\n\n\n\n<p class=\"has-large-font-size\"><strong>Intencje Mszy \u015aw.&nbsp;<strong>22.07. \u2013 28.07.2024<\/strong><\/strong><\/p>\n\n\n\n<figure class=\"wp-block-table\"><table><tbody><tr><td><strong>PONIEDZIA\u0141EK<\/strong><\/td><td><strong>6:30<\/strong><\/td><td>+Janiny Foszt w 4 rocznic\u0119 \u015bmierci<\/td><\/tr><tr><td><strong>WTOREK<\/strong><\/td><td><strong>6:30<\/strong><\/td><td>+Wies\u0142awa Wiatra od Barbary, Mariusza Kornaus<\/td><\/tr><tr><td><strong>\u015aRODA<\/strong><\/td><td><strong>18:00<\/strong><\/td><td>+Wies\u0142awa Wiatra od Augustyna Sztorca<\/td><\/tr><tr><td><strong>CZWARTEK<\/strong><\/td><td><strong>6:30<\/strong><\/td><td>+Wies\u0142awa Wiatra od Zofii Kornaus<\/td><\/tr><tr><td><strong>PI\u0104TEK<\/strong><\/td><td><strong>6:30<\/strong><\/td><td>+Anny Kie\u0142basa<\/td><\/tr><tr><td><strong>SOBOTA<\/strong><strong><\/strong><\/td><td><strong>6:30<\/strong><\/td><td>+Mariana Czosnek w 1 rocznic\u0119 \u015bmierci<\/td><\/tr><tr><td rowspan=\"3\"><strong>NIEDZIELA<\/strong><\/td><td><strong>7:30<\/strong><\/td><td>+Bronis\u0142awa Kr\u00f3la w 2 rocznic\u0119 \u015bmierci od \u017cony i dzieci<\/td><\/tr><tr><td><strong>10:00<\/strong><\/td><td>+Wies\u0142awa Wiatra od Tadeusza Kornausa<\/td><\/tr><tr><td><strong>16:00<\/strong><\/td><td>++Ireny Przeklasa, wnuka Jakuba w rocznic\u0119 \u015bmierci, m\u0119\u017ca J\u00f3zefa<\/td><\/tr><\/tbody><\/table><\/figure>\n\n\n\n<p class=\"has-text-align-center has-medium-font-size\"><strong>Wszystkim na ca\u0142y tydzie\u0144 \u017cyczymy Szcz\u0119\u015b\u0107 Bo\u017ce.<\/strong><\/p>\n","protected":false},"excerpt":{"rendered":"<p>B\u00f3g jest prawdziwie Dobrym Pasterzem&#8230;<\/p>\n","protected":false},"author":3,"featured_media":580,"comment_status":"closed","ping_status":"closed","sticky":false,"template":"","format":"standard","meta":{"ngg_post_thumbnail":0,"footnotes":""},"categories":[5],"tags":[],"class_list":["post-2937","post","type-post","status-publish","format-standard","has-post-thumbnail","hentry","category-ogloszenia"],"_links":{"self":[{"href":"http:\/\/parafia.pawezow.net\/wp\/wp-json\/wp\/v2\/posts\/2937","targetHints":{"allow":["GET"]}}],"collection":[{"href":"http:\/\/parafia.pawezow.net\/wp\/wp-json\/wp\/v2\/posts"}],"about":[{"href":"http:\/\/parafia.pawezow.net\/wp\/wp-json\/wp\/v2\/types\/post"}],"author":[{"embeddable":true,"href":"http:\/\/parafia.pawezow.net\/wp\/wp-json\/wp\/v2\/users\/3"}],"replies":[{"embeddable":true,"href":"http:\/\/parafia.pawezow.net\/wp\/wp-json\/wp\/v2\/comments?post=2937"}],"version-history":[{"count":3,"href":"http:\/\/parafia.pawezow.net\/wp\/wp-json\/wp\/v2\/posts\/2937\/revisions"}],"predecessor-version":[{"id":2941,"href":"http:\/\/parafia.pawezow.net\/wp\/wp-json\/wp\/v2\/posts\/2937\/revisions\/2941"}],"wp:featuredmedia":[{"embeddable":true,"href":"http:\/\/parafia.pawezow.net\/wp\/wp-json\/wp\/v2\/media\/580"}],"wp:attachment":[{"href":"http:\/\/parafia.pawezow.net\/wp\/wp-json\/wp\/v2\/media?parent=2937"}],"wp:term":[{"taxonomy":"category","embeddable":true,"href":"http:\/\/parafia.pawezow.net\/wp\/wp-json\/wp\/v2\/categories?post=2937"},{"taxonomy":"post_tag","embeddable":true,"href":"http:\/\/parafia.pawezow.net\/wp\/wp-json\/wp\/v2\/tags?post=2937"}],"curies":[{"name":"wp","href":"https:\/\/api.w.org\/{rel}","templated":true}]}}