{"id":2981,"date":"2024-08-18T07:05:56","date_gmt":"2024-08-18T05:05:56","guid":{"rendered":"http:\/\/parafia.pawezow.net\/wp\/?p=2981"},"modified":"2024-08-18T07:11:51","modified_gmt":"2024-08-18T05:11:51","slug":"xx-niedziela-w-ciagu-roku-18-08-2024","status":"publish","type":"post","link":"http:\/\/parafia.pawezow.net\/wp\/2024\/08\/18\/xx-niedziela-w-ciagu-roku-18-08-2024\/","title":{"rendered":"XX Niedziela w ci\u0105gu roku \u2013 18.08.2024"},"content":{"rendered":"\n<p>1. Prze\u017cywamy dzisiaj uroczysto\u015b\u0107 Odpustow\u0105 ku czci Patronki naszej Parafii Matki Bo\u017cej Kr\u00f3lowej \u015awiata. Mo\u017cemy dzisiaj uzyska\u0107 odpust zupe\u0142ny pod zwyk\u0142ymi warunkami, a wi\u0119c nawiedzi\u0107 ko\u015bci\u00f3\u0142, przyj\u0105\u0107 Komuni\u0119 \u015awi\u0119t\u0105 sakramentaln\u0105, odm\u00f3wi\u0107 Ojcze nasz, Wierz\u0119 w Boga Ojca, pomodli\u0107 si\u0119 w intencjach Ojca \u015awi\u0119tego oraz wyzby\u0107 si\u0119 przywi\u0105zania do grzechu nawet najl\u017cejszego. Dzisiejsze S\u0142owo Bo\u017ce g\u0142osi nam ks. mgr \u0141ukasz Gazda, student UJPII i wikariusz w D\u0119bnie, kt\u00f3ry b\u0119dzie przewodniczy\u0142 uroczystej Sumie Odpustowej.<\/p>\n\n\n\n<p>2. We czwartek w liturgii przypada wspomnienie Naj\u015bwi\u0119tszej Maryi Panny Kr\u00f3lowej. Maryj\u0119 mo\u017cemy nazywa\u0107 Kr\u00f3low\u0105, poniewa\u017c jest Matk\u0105 Jezusa Chrystusa, Kr\u00f3la Wszech\u015bwiata. Modlimy si\u0119, aby\u015bmy za Jej wstawiennictwem osi\u0105gn\u0119li chwa\u0142\u0119 przygotowan\u0105 dla nas w Kr\u00f3lestwie niebieskim. Msze \u015aw. rano i wieczorem.<\/p>\n\n\n\n<p>3. W pi\u0105tek, w rocznic\u0119 podpisania paktu Ribbentrop-Mo\u0142otow, obchodzimy Dzie\u0144 Pami\u0119ci Ofiar Re\u017cim\u00f3w Totalitarnych. To wspania\u0142a okazja, aby modli\u0107 si\u0119 o pok\u00f3j na \u015bwiecie (szczeg\u00f3lnie w Ukrainie), modli\u0107 si\u0119 za tych, kt\u00f3rzy ucierpieli wskutek nazistowskiej i komunistycznej ideologii, a tak\u017ce o to, by ludzko\u015b\u0107 zosta\u0142a zachowana od podobnych zagro\u017ce\u0144.<\/p>\n\n\n\n<p>4. W niedziel\u0119 na Jasn\u0105 G\u00f3r\u0119 wchodzi 42 Piesza Pielgrzymka Tarnowska. \u0141\u0105czmy si\u0119 duchowo z pielgrzymami. Dzi\u0119kujemy za pozdrowienia z trasy i modlitw\u0119.<\/p>\n\n\n\n<p>5. Sk\u0142adamy serdeczne podzi\u0119kowania Ko\u0142u Gospody\u0144 Wiejskich za przygotowanie pi\u0119knego wie\u0144ca do\u017cynkowego oraz wi\u0105zanek ziela dla parafian.<\/p>\n\n\n\n<p>6. Sk\u0142adamy B\u00f3g zap\u0142a\u0107 za ofiary na sprz\u0105tanie ko\u015bcio\u0142a rodz. Krystyna G\u0142owacz, Michalina Cich, Marzena Nytko, Wioletta Kmie\u0107, Piotr Wojcik, Klaudia Koco\u0142, Renata Czarnik, Karolina Pis, Andrzej Kantor, Bo\u017cena Kie\u0142basa, a na ten tydzie\u0144 prosimy rodziny Wolak, Siwiak, Dyja, Chlipa\u0142a, Targosz. B\u00f3g zap\u0142a\u0107 wszystkim, kt\u00f3rzy w\u0142\u0105czyli si\u0119 w przygotowanie ko\u015bcio\u0142a i otoczenia na dzisiejsz\u0105 uroczysto\u015b\u0107 Janusz Wa\u0142aszek, \u0141ukasz Przebi\u0119da, Grzegorz Olechny, Bogdan Ludwa, Magdalena, Piotr Ma\u0142ek, Renata Szarek z Kajetanem i Maj\u0105, Milenie Mozgowiec, Wioli i Kacprowi Maciuszek, Alicji Kacz\u00f3wka za kompozycje kwiatowe.<\/p>\n\n\n\n<p>Dzi\u0119kujemy Panu Organi\u015bcie, ch\u00f3rowi m\u0119skiemu, s\u0142u\u017cbie liturgicznej, szafarzom, lektorom, ministrantom, Paniom nios\u0105cym feretrony, Panom Stra\u017cakom i M\u0142odzie\u017cowej Grupie Po\u017carniczej, dzieciom sypi\u0105cym kwiaty, ch\u0142opcom dzwoni\u0105cym, Paniom pos\u0142uguj\u0105cym w kuchni, wszystkim Parafianom i Go\u015bciom za obecno\u015b\u0107 i modlitw\u0119. Jest nas mniej, poniewa\u017c niekt\u00f3rzy s\u0105 jeszcze na wakacjach i urlopach.<br>Niech Maryja Kr\u00f3lowa ma wszystkich w swojej nieustannej opiece.<\/p>\n\n\n\n<p>7. S\u0142owo wdzi\u0119czno\u015bci kierujemy do ks. mgra \u0141ukasza Gazdy za g\u0142oszone S\u0142owo Bo\u017ce i przewodniczenie Uroczystej Sumie Odpustowej i wszelk\u0105 \u017cyczliwo\u015b\u0107 dla naszej parafii.<br>Cieszymy si\u0119, \u017ce mo\u017cemy wraz z Nim wsp\u00f3lnie modli\u0107 si\u0119 i czci\u0107 Matk\u0119 Bo\u017c\u0105. Dzi\u0119kuj\u0119 wszystkim kap\u0142anom, pra\u0142atom, proboszczom, jubilatom oraz wikariuszom tu obecnym i tym, kt\u00f3rzy jeszcze dojad\u0105 na wsp\u00f3lne spotkanie.<\/p>\n\n\n\n<p>8. Za tydzie\u0144 Gminne Do\u017cynki w Lisiej G\u00f3rze, kt\u00f3re rozpoczn\u0105 si\u0119 Msz\u0105 \u015aw. o godz. 14.00. Wi\u0119cej szczeg\u00f3\u0142\u00f3w w mediach spo\u0142eczno\u015bciowych i na plakatach. Serdecznie zaprasza W\u00f3jt Gminy, Gminny O\u015brodek Kultury, So\u0142ectwo Brzoz\u00f3wka.<\/p>\n\n\n\n<p>9. Wszystkim solenizantom i jubilatom tego tygodnia sk\u0142adamy najserdeczniejsze \u017cyczenia i zapraszamy do Sto\u0142u Pa\u0144skiego.<\/p>\n\n\n\n<p><strong>W TYM TYGODNIU PATRONUJ\u0104 NAM:<\/strong><\/p>\n\n\n\n<ul class=\"wp-block-list\">\n<li>wtorek \u2013 \u015bw. Bernard z Clairvaux (1090- 1153), cz\u0142owiek wielkiej wiedzy, modlitwy i&nbsp;kontemplacji, kt\u00f3ry potrafi\u0142 \u0142\u0105czy\u0107 przedziwnie \u017cycie niezmiernie czynne z kontemplacj\u0105 i mistyk\u0105, a kt\u00f3ry zas\u0142yn\u0105\u0142 r\u00f3wnie\u017c jako autor wielu pism teologicznych i ascetycznych.<\/li>\n\n\n\n<li>\u015broda \u2013 \u015bw. Pius X (1835-1914), papie\u017c, kt\u00f3ry w czasie swojego pontyfikatu dokona\u0142 wielu reform zgodnie z tym, co zawar\u0142 w pierwszej encyklice pt. \u201eOdnowi\u0107 wszystko w&nbsp;Chrystusie\u201d.<\/li>\n\n\n\n<li>czwartek \u2013 &nbsp;wspomnienie Naj\u015bwi\u0119tszej Maryi Panny Kr\u00f3lowej,<\/li>\n\n\n\n<li>sobota \u2013 \u015bw. Bart\u0142omiej (\u2020ok. 70), Aposto\u0142, znany te\u017c jako Natanael, pochodzi\u0142 z Kany Galilejskiej i wed\u0142ug tradycji poni\u00f3s\u0142 \u015bmier\u0107 m\u0119cze\u0144sk\u0105 przez odarcie ze sk\u00f3ry.<\/li>\n<\/ul>\n\n\n\n<p class=\"has-large-font-size\"><strong>Intencje Mszy \u015aw. 19.08. \u2013 25.08.2024<\/strong><\/p>\n\n\n\n<figure class=\"wp-block-table\"><table><tbody><tr><td><strong>PONIEDZIA\u0141EK<\/strong><\/td><td><strong>6:30<\/strong><\/td><td>+Romana G\u0142owacza od w\u0142a\u015bcicieli i pracownik\u00f3w firmy Blachodach Janusza i Bartosza<\/td><\/tr><tr><td><strong>WTOREK<\/strong><\/td><td><strong>6:30<\/strong><\/td><td>W 1 rocznic\u0119 \u015blubu Marzeny i Tadeusza dzi\u0119kczynno-b\u0142agalna<\/td><\/tr><tr><td><strong>\u015aRODA<\/strong><\/td><td><strong>18:00<\/strong><\/td><td>W int. Maksymiliana i Jego rodzic\u00f3w z okazji Chrztu<\/td><\/tr><tr><td rowspan=\"2\"><strong>CZWARTEK<\/strong><\/td><td><strong>6:30<\/strong><\/td><td>+Romana G\u0142owacza od Anny, Dariusza Stawarz z rodzin\u0105<\/td><\/tr><tr><td><strong>18:00<\/strong><\/td><td>Za parafi\u0119<\/td><\/tr><tr><td><strong>PI\u0104TEK<\/strong><\/td><td><strong>6:30<\/strong><\/td><td>+Stanis\u0142awa Albertusiaka od Akcji Katolickiej<\/td><\/tr><tr><td><strong>SOBOTA<\/strong><strong><\/strong><\/td><td><strong>6:30<\/strong><\/td><td>Za parafi\u0119<\/td><\/tr><tr><td rowspan=\"3\"><strong>NIEDZIELA<\/strong><\/td><td><strong>7:30<\/strong><\/td><td>+Romana G\u0142owacza od syna Karola z rodzin\u0105<\/td><\/tr><tr><td><strong>10:00<\/strong><\/td><td>+Izabelli Bawo\u0142 w 2 rocznic\u0119 \u015bmierci od dzieci z rodzinami<\/td><\/tr><tr><td><strong>16:00<\/strong><\/td><td>++Marii, W\u0142adys\u0142awa Tryt, Marii Tryt z okazji imienin od m\u0119\u017ca i dzieci z wnukami<\/td><\/tr><\/tbody><\/table><\/figure>\n\n\n\n<p class=\"has-text-align-center has-medium-font-size\"><strong>Wszystkim na ca\u0142y tydzie\u0144 \u017cyczymy Szcz\u0119\u015b\u0107 Bo\u017ce.<\/strong><\/p>\n","protected":false},"excerpt":{"rendered":"<p>Prze\u017cywamy dzisiaj uroczysto\u015b\u0107 Odpustow\u0105 ku czci Patronki naszej Parafii Matki Bo\u017cej Kr\u00f3lowej \u015awiata. <\/p>\n","protected":false},"author":3,"featured_media":580,"comment_status":"closed","ping_status":"closed","sticky":false,"template":"","format":"standard","meta":{"ngg_post_thumbnail":0,"footnotes":""},"categories":[5],"tags":[],"class_list":["post-2981","post","type-post","status-publish","format-standard","has-post-thumbnail","hentry","category-ogloszenia"],"_links":{"self":[{"href":"http:\/\/parafia.pawezow.net\/wp\/wp-json\/wp\/v2\/posts\/2981","targetHints":{"allow":["GET"]}}],"collection":[{"href":"http:\/\/parafia.pawezow.net\/wp\/wp-json\/wp\/v2\/posts"}],"about":[{"href":"http:\/\/parafia.pawezow.net\/wp\/wp-json\/wp\/v2\/types\/post"}],"author":[{"embeddable":true,"href":"http:\/\/parafia.pawezow.net\/wp\/wp-json\/wp\/v2\/users\/3"}],"replies":[{"embeddable":true,"href":"http:\/\/parafia.pawezow.net\/wp\/wp-json\/wp\/v2\/comments?post=2981"}],"version-history":[{"count":7,"href":"http:\/\/parafia.pawezow.net\/wp\/wp-json\/wp\/v2\/posts\/2981\/revisions"}],"predecessor-version":[{"id":2994,"href":"http:\/\/parafia.pawezow.net\/wp\/wp-json\/wp\/v2\/posts\/2981\/revisions\/2994"}],"wp:featuredmedia":[{"embeddable":true,"href":"http:\/\/parafia.pawezow.net\/wp\/wp-json\/wp\/v2\/media\/580"}],"wp:attachment":[{"href":"http:\/\/parafia.pawezow.net\/wp\/wp-json\/wp\/v2\/media?parent=2981"}],"wp:term":[{"taxonomy":"category","embeddable":true,"href":"http:\/\/parafia.pawezow.net\/wp\/wp-json\/wp\/v2\/categories?post=2981"},{"taxonomy":"post_tag","embeddable":true,"href":"http:\/\/parafia.pawezow.net\/wp\/wp-json\/wp\/v2\/tags?post=2981"}],"curies":[{"name":"wp","href":"https:\/\/api.w.org\/{rel}","templated":true}]}}