{"id":3013,"date":"2024-09-08T06:58:00","date_gmt":"2024-09-08T04:58:00","guid":{"rendered":"http:\/\/parafia.pawezow.net\/wp\/?p=3013"},"modified":"2024-09-07T21:12:29","modified_gmt":"2024-09-07T19:12:29","slug":"xxiii-niedziela-w-ciagu-roku-08-09-2024","status":"publish","type":"post","link":"http:\/\/parafia.pawezow.net\/wp\/2024\/09\/08\/xxiii-niedziela-w-ciagu-roku-08-09-2024\/","title":{"rendered":"XXIII Niedziela w ci\u0105gu roku \u2013 08.09.2024"},"content":{"rendered":"\n<p>1. S\u0142owa Jezusa skierowane do g\u0142uchoniemego s\u0105 wezwaniem dla ka\u017cdej i ka\u017cdego z nas, aby otworzy\u0107 si\u0119 na Bo\u017ce dzia\u0142anie. B\u00f3g w nas i przez nas pragnie dokonywa\u0107 wielkich rzeczy, przede wszystkim chce z nas uczyni\u0107 herold\u00f3w swojego kr\u00f3lestwa prawdy, pokoju i&nbsp;zbawienia.<\/p>\n\n\n\n<p>2. Nasza diecezja prze\u017cywa dzi\u015b Uroczysto\u015b\u0107 Narodzenia Naj\u015bwi\u0119tszej Maryi Panny, zwane w Polsce \u015bwi\u0119tem Matki Bo\u017cej Siewnej, przed b\u0142ogos\u0142awie\u0144stwem mszalnym odb\u0119dzie si\u0119 po\u015bwi\u0119cenie ziarna do jesiennych zasiew\u00f3w.<\/p>\n\n\n\n<p>W Katedrze trwa Tydzie\u0144 Maryjny. Jeste\u015bmy zaproszeni na sobot\u0119 14.IX na godz. 19.00. Po Mszy \u015aw. b\u0119dzie Droga Krzy\u017cowa do parafii \u015aw. Krzy\u017ca w Tarnowie. Prosz\u0119 zabra\u0107, \u015bwiece. lampiony i krzy\u017ce.<\/p>\n\n\n\n<p>3. Dzisiejsz\u0105 niedziel\u0105 rozpoczynamy Kwartalne dni modlitw za dzieci, m\u0142odzie\u017c i&nbsp;wychowawc\u00f3w, kt\u00f3re w naszej ojczy\u017anie zbiegaj\u0105 si\u0119 z Tygodniem Wychowania. Zatroszczmy si\u0119 o dobr\u0105 formacj\u0119 m\u0142odego pokolenia. Postarajmy si\u0119 znale\u017a\u0107 czas dla naszych dzieci \u2013 \u017cywo interesujmy si\u0119 ich post\u0119pami w szkole, zainteresujmy si\u0119 tak\u017ce ich udzia\u0142em w lekcjach religii. Pragniemy przypomnie\u0107, \u017ce przygotowanie do sakrament\u00f3w \u015bwi\u0119tych: do pierwszej spowiedzi i Komunii \u015awi\u0119tej oraz do bierzmowania odbywa si\u0119 przy parafii.<\/p>\n\n\n\n<p>4. W \u015brod\u0119 w rocznic\u0119 terrorystycznych zamach\u00f3w w Nowym Jorku, chcemy pami\u0119ta\u0107 o modlitwie w intencji ofiar terroru i re\u017cym\u00f3w totalitarnych oraz o pok\u00f3j na ca\u0142ym \u015bwiecie.<\/p>\n\n\n\n<p>5. W sobot\u0119 b\u0119dziemy obchodzi\u0107 \u015bwi\u0119to Podwy\u017cszenia Krzy\u017ca \u015awi\u0119tego upami\u0119tniaj\u0105ce odnalezienie relikwii krzy\u017ca, na kt\u00f3rym dokona\u0142 zbawienia \u015bwiata nasz Pan, Jezus Chrystus. W czasach kiedy symbole naszej wiary s\u0105 zniewa\u017cane, miejmy odwag\u0119 przyzna\u0107 si\u0119, \u017ce jeste\u015bmy chrze\u015bcijanami, cho\u0107by przez pobo\u017cne czynienie znaku krzy\u017ca.<\/p>\n\n\n\n<p>6. Przez miesi\u0105c wrzesie\u0144 trwa rekrutacja do Ch\u0142opi\u0119cego Ch\u00f3ru Katedralnego PUERI CANTORES TARNOVIENSES. Ch\u0119tnych ch\u0142opc\u00f3w z klas III szko\u0142y podstawowej prosimy o kontakt telefoniczny z ks. dyrygentem Grzegorzem Piekarzem. Wi\u0119cej informacji na stronie ch\u00f3ru.<\/p>\n\n\n\n<p>7. Komunikat So\u0142tysa o zebraniu wiejskim \u2013 19.IX.<\/p>\n\n\n\n<p>8. Sk\u0142adamy serdeczne podzi\u0119kowania za ofiary z\u0142o\u017cone na sprz\u0105tanie ko\u015bcio\u0142a rodz. Alicja Kacz\u00f3wka, Ma\u0142gorzata Sowi\u0144ska, Teresa Gadzia\u0142a, a na ten tydz. prosimy rodz. Laska, Chrz\u0119szczyk, Szura, \u0106wik, Brzeski.<\/p>\n\n\n\n<p>9. Solenizant\u00f3w i Jubilat\u00f3w zapewniamy o naszej \u017cyczliwo\u015bci i modlitwie.<\/p>\n\n\n\n<p><strong>W TYM TYGODNIU PATRONUJE NAM:<\/strong><\/p>\n\n\n\n<ul class=\"wp-block-list\">\n<li>pi\u0105tek \u2013 \u015bw. Jan Chryzostom, s\u0142yn\u0105cy z pi\u0119knych kaza\u0144.<\/li>\n<\/ul>\n\n\n\n<p class=\"has-large-font-size\"><strong>Intencje Mszy \u015aw. 09.09. \u2013 15.09.2024<\/strong><\/p>\n\n\n\n<figure class=\"wp-block-table\"><table><tbody><tr><td><strong>PONIEDZIA\u0141EK<\/strong><\/td><td><strong>6:30<\/strong><\/td><td>O szcz\u0119\u015bliw\u0105 operacj\u0119 i wyleczenie z choroby<\/td><\/tr><tr><td><strong>WTOREK<\/strong><\/td><td><strong>6:30<\/strong><\/td><td>+Romana G\u0142owacza od Iryny i Micha\u0142a Kie\u0142basa<\/td><\/tr><tr><td><strong>\u015aRODA<\/strong><\/td><td><strong>18:00<\/strong><\/td><td>++Genowefy, W\u0142adys\u0142awa Kie\u0142basa, syna Juliana, c\u00f3rki Marii Wiatr od Edwarda Tryt z rodzin\u0105<\/td><\/tr><tr><td><strong>CZWARTEK<\/strong><\/td><td><strong>6:30<\/strong><\/td><td>+Romana G\u0142owacza od s\u0105siad\u00f3w Michaliny i Mateusza Cich<\/td><\/tr><tr><td><strong>PI\u0104TEK<\/strong><\/td><td><strong>6:30<\/strong><\/td><td>+Romana G\u0142owacza od firmy Blachodach<\/td><\/tr><tr><td rowspan=\"2\"><strong>SOBOTA<\/strong><strong><\/strong><\/td><td><strong>6:30<\/strong><\/td><td>+Romana G\u0142owacza od szwagra Juliana<\/td><\/tr><tr><td><strong>15:00<\/strong><\/td><td>Z\u0142oty Jubileusz Gra\u017cyny i Janusza, Srebrny Jubileusz Ma\u0142gorzaty i Marka<\/td><\/tr><tr><td rowspan=\"3\"><strong>NIEDZIELA<\/strong><\/td><td><strong>7:30<\/strong><\/td><td>W 35 rocznic\u0119 \u015blubu Renaty i Krzysztofa i w 3 rocznic\u0119 \u015blubu Magdaleny i Dawida<\/td><\/tr><tr><td><strong>10:00<\/strong><\/td><td>Chrzcielna Wiktora<\/td><\/tr><tr><td><strong>16:00<\/strong><\/td><td>++Anieli, Franciszka, Stanis\u0142awa, Tadeusza Okarma<\/td><\/tr><\/tbody><\/table><\/figure>\n\n\n\n<p>Poza parafi\u0105 2 Gregorianki +Romana G\u0142owacza z\u0142o\u017cone z Mszy \u015aw. pogrzebowych<\/p>\n\n\n\n<p class=\"has-text-align-center has-medium-font-size\"><strong>Wszystkim na ca\u0142y tydzie\u0144 \u017cyczymy Szcz\u0119\u015b\u0107 Bo\u017ce.<\/strong><\/p>\n","protected":false},"excerpt":{"rendered":"<p>S\u0142owa Jezusa skierowane do g\u0142uchoniemego s\u0105 wezwaniem &#8230;<\/p>\n","protected":false},"author":3,"featured_media":580,"comment_status":"closed","ping_status":"closed","sticky":false,"template":"","format":"standard","meta":{"ngg_post_thumbnail":0,"footnotes":""},"categories":[5],"tags":[],"class_list":["post-3013","post","type-post","status-publish","format-standard","has-post-thumbnail","hentry","category-ogloszenia"],"_links":{"self":[{"href":"http:\/\/parafia.pawezow.net\/wp\/wp-json\/wp\/v2\/posts\/3013","targetHints":{"allow":["GET"]}}],"collection":[{"href":"http:\/\/parafia.pawezow.net\/wp\/wp-json\/wp\/v2\/posts"}],"about":[{"href":"http:\/\/parafia.pawezow.net\/wp\/wp-json\/wp\/v2\/types\/post"}],"author":[{"embeddable":true,"href":"http:\/\/parafia.pawezow.net\/wp\/wp-json\/wp\/v2\/users\/3"}],"replies":[{"embeddable":true,"href":"http:\/\/parafia.pawezow.net\/wp\/wp-json\/wp\/v2\/comments?post=3013"}],"version-history":[{"count":3,"href":"http:\/\/parafia.pawezow.net\/wp\/wp-json\/wp\/v2\/posts\/3013\/revisions"}],"predecessor-version":[{"id":3017,"href":"http:\/\/parafia.pawezow.net\/wp\/wp-json\/wp\/v2\/posts\/3013\/revisions\/3017"}],"wp:featuredmedia":[{"embeddable":true,"href":"http:\/\/parafia.pawezow.net\/wp\/wp-json\/wp\/v2\/media\/580"}],"wp:attachment":[{"href":"http:\/\/parafia.pawezow.net\/wp\/wp-json\/wp\/v2\/media?parent=3013"}],"wp:term":[{"taxonomy":"category","embeddable":true,"href":"http:\/\/parafia.pawezow.net\/wp\/wp-json\/wp\/v2\/categories?post=3013"},{"taxonomy":"post_tag","embeddable":true,"href":"http:\/\/parafia.pawezow.net\/wp\/wp-json\/wp\/v2\/tags?post=3013"}],"curies":[{"name":"wp","href":"https:\/\/api.w.org\/{rel}","templated":true}]}}