{"id":3020,"date":"2024-09-15T08:10:00","date_gmt":"2024-09-15T06:10:00","guid":{"rendered":"http:\/\/parafia.pawezow.net\/wp\/?p=3020"},"modified":"2024-09-15T08:10:01","modified_gmt":"2024-09-15T06:10:01","slug":"xxiv-niedziela-w-ciagu-roku-15-09-2024","status":"publish","type":"post","link":"http:\/\/parafia.pawezow.net\/wp\/2024\/09\/15\/xxiv-niedziela-w-ciagu-roku-15-09-2024\/","title":{"rendered":"XXIV Niedziela w ci\u0105gu roku \u2013 15.09.2024"},"content":{"rendered":"\n<p>1. Pytanie: &#8222;Kim jest Jezus?&#8221; winno nieustannie do nas powraca\u0107, a my winni\u015bmy dawa\u0107 w\u0142a\u015bciw\u0105 odpowied\u017a: \u017ce On jest naszym Panem i\u00a0Mesjaszem, \u017ar\u00f3d\u0142em \u017cycia, dobra i wszelkiego szcz\u0119\u015bcia.<\/p>\n\n\n\n<p>2. Dzisiaj, w trzeci\u0105 niedziel\u0119 wrze\u015bnia, w Polsce prze\u017cywamy Dzie\u0144 \u015arodk\u00f3w Spo\u0142ecznego Przekazu. Towarzyszy nam zatem modlitwa w intencji wszystkich dziennikarzy, reporter\u00f3w i\u00a0wszystkich pracuj\u0105cych w mediach, by stawali si\u0119 przekazicielami prawdy i trwa\u0142ych, nieprzemijaj\u0105cych warto\u015bci.<\/p>\n\n\n\n<p>3. Dzisiejsz\u0105 niedziel\u0105 rozpoczynamy tak\u017ce Kwartalne dni modlitw za dzieci, m\u0142odzie\u017c i\u00a0wychowawc\u00f3w, kt\u00f3re w naszej ojczy\u017anie zbiegaj\u0105 si\u0119 z Tygodniem Wychowania.<\/p>\n\n\n\n<p>W \u015brod\u0119 przypada \u015bwi\u0119to \u015awi\u0119tego Stanis\u0142awa Kostki, patrona dzieci i\u00a0m\u0142odzie\u017cy.<\/p>\n\n\n\n<p>4. We wtorek wspominamy 85. rocznic\u0119 sowieckiej agresji na Polsk\u0119. Pami\u0119tajmy w tym dniu w naszych modlitwach o wszystkich pomordowanych na Wschodzie, o wszystkich ofiarach \u201eGolgoty Wschodu\u201d oraz prosimy, by trudne i nierozwi\u0105zane dot\u0105d kwestie wsp\u00f3lnych dziej\u00f3w polsko-rosyjskich mog\u0142y doczeka\u0107 si\u0119 sprawiedliwego i zgodnego z\u00a0historyczn\u0105 prawd\u0105 rozstrzygni\u0119cia.<\/p>\n\n\n\n<p>5. W czwartek o godz. 17.00 zapraszamy Dzieci Komunijne wraz z rodzicami na Katechez\u0119 w ko\u015bciele.<\/p>\n\n\n\n<p>6. 25 wrze\u015bnia b\u0119dzie zbi\u00f3rka elektro\u015bmieci z przeznaczeniem na misje, budowa studni. Szczeg\u00f3\u0142y podamy w p\u00f3\u017aniejszym terminie.<\/p>\n\n\n\n<p>7. Sk\u0142adamy serdeczne podzi\u0119kowania za ofiary z\u0142o\u017cone na sprz\u0105tanie ko\u015bcio\u0142a rodz. Anna Wawrzon, Joanna Wolak, Tomasz Rodak oraz Jubilatom z dnia wczorajszego, a na ten tydzie\u0144 prosimy rodz. Witkiewicz, Proboszcz, Niedojad\u0142o, Ostr\u0119ga, Ostr\u0119ga.<\/p>\n\n\n\n<p>8. Przekazujemy najlepsze \u017cyczenia wszystkim obchodz\u0105cym w tym tygodniu imieniny i\u00a0urodziny i zapraszamy do Sto\u0142u Pa\u0144skiego.<\/p>\n\n\n\n<p><strong>W TYM TYGODNIU PATRONUJ\u0104 NAM:<\/strong><\/p>\n\n\n\n<ul class=\"wp-block-list\">\n<li>poniedzia\u0142ek \u2013 \u015bw. \u015bw. m\u0119czennicy: Korneliusz i Cyprian, nieugi\u0119ci obro\u0144cy chrze\u015bcija\u0144skiej wiary<\/li>\n\n\n\n<li>\u015broda \u2013 \u015bw. Stanis\u0142aw Kostka. patron nowicjuszy, dzieci i\u00a0m\u0142odzie\u017cy oraz naszej ojczyzny.<\/li>\n\n\n\n<li>pi\u0105tek \u2013 \u015bw. \u015bw. m\u0119czennicy z Korei: Andrzej Kim Taegon, Pawe\u0142 Chong Hasang oraz ich towarzysze.<\/li>\n\n\n\n<li>sobota \u2013 \u015bw. Mateusz, Aposto\u0142 i Ewangelista,<\/li>\n<\/ul>\n\n\n\n<p class=\"has-large-font-size\"><strong>Intencje Mszy \u015aw. 16.09. \u2013 22.09.2024<\/strong><\/p>\n\n\n\n<figure class=\"wp-block-table\"><table><tbody><tr><td><strong>PONIEDZIA\u0141EK<\/strong><\/td><td><strong>6:30<\/strong><\/td><td>+Zofii Bogacz w 3 rocznic\u0119 \u015bmierci<\/td><\/tr><tr><td><strong>WTOREK<\/strong><\/td><td><strong>6:30<\/strong><\/td><td>+Stanis\u0142awa Kie\u0142basy w 1 rocznic\u0119 \u015bmierci<\/td><\/tr><tr><td><strong>\u015aRODA<\/strong><\/td><td><strong>18:00<\/strong><\/td><td>Dzi\u0119kczynna za szcz\u0119\u015bliwe wakacje z pro\u015bb\u0105 o B\u0142ogos\u0142awie\u0144stwo Bo\u017ce w nowym roku szkolnym i akademickim<\/td><\/tr><tr><td><strong>CZWARTEK<\/strong><\/td><td><strong>6:30<\/strong><\/td><td>+Jaros\u0142awa Szczepa\u0144skiego w 22 rocznic\u0119 \u015bmierci od brata Andrzeja z rodzin\u0105<\/td><\/tr><tr><td><strong>PI\u0104TEK<\/strong><\/td><td><strong>6:30<\/strong><\/td><td>+Romana G\u0142owacza od S\u0142awka Kamie\u0144 z rodzin\u0105<\/td><\/tr><tr><td><strong>SOBOTA<\/strong><strong><\/strong><\/td><td><strong>6:30<\/strong><\/td><td>+Romana G\u0142owacza od Barbary, Andrzeja Kamie\u0144<\/td><\/tr><tr><td rowspan=\"3\"><strong>NIEDZIELA<\/strong><\/td><td><strong>7:30<\/strong><\/td><td>++Marii Grzymek w 3 rocznic\u0119 \u015bmierci i m\u0119\u017ca Piotra<\/td><\/tr><tr><td><strong>10:00<\/strong><\/td><td>W 3 r.\u015blubu Magdaleny i Dawida dzi\u0119kczynno-b\u0142agalna<\/td><\/tr><tr><td><strong>16:00<\/strong><\/td><td>++Zofii, J\u00f3zefa Juza<\/td><\/tr><\/tbody><\/table><\/figure>\n\n\n\n<p class=\"has-text-align-center\">Poza parafi\u0105 2 Gregorianki +Romana G\u0142owacza z\u0142o\u017cone z Mszy \u015aw. pogrzebowych<\/p>\n\n\n\n<p class=\"has-text-align-center has-medium-font-size\"><strong>Wszystkim na ca\u0142y tydzie\u0144 \u017cyczymy Szcz\u0119\u015b\u0107 Bo\u017ce.<\/strong><\/p>\n","protected":false},"excerpt":{"rendered":"<p>Pytanie: &#8222;Kim jest Jezus?&#8221; winno nieustannie do nas powraca\u0107&#8230;<\/p>\n","protected":false},"author":3,"featured_media":580,"comment_status":"closed","ping_status":"closed","sticky":false,"template":"","format":"standard","meta":{"ngg_post_thumbnail":0,"footnotes":""},"categories":[5],"tags":[],"class_list":["post-3020","post","type-post","status-publish","format-standard","has-post-thumbnail","hentry","category-ogloszenia"],"_links":{"self":[{"href":"http:\/\/parafia.pawezow.net\/wp\/wp-json\/wp\/v2\/posts\/3020","targetHints":{"allow":["GET"]}}],"collection":[{"href":"http:\/\/parafia.pawezow.net\/wp\/wp-json\/wp\/v2\/posts"}],"about":[{"href":"http:\/\/parafia.pawezow.net\/wp\/wp-json\/wp\/v2\/types\/post"}],"author":[{"embeddable":true,"href":"http:\/\/parafia.pawezow.net\/wp\/wp-json\/wp\/v2\/users\/3"}],"replies":[{"embeddable":true,"href":"http:\/\/parafia.pawezow.net\/wp\/wp-json\/wp\/v2\/comments?post=3020"}],"version-history":[{"count":1,"href":"http:\/\/parafia.pawezow.net\/wp\/wp-json\/wp\/v2\/posts\/3020\/revisions"}],"predecessor-version":[{"id":3021,"href":"http:\/\/parafia.pawezow.net\/wp\/wp-json\/wp\/v2\/posts\/3020\/revisions\/3021"}],"wp:featuredmedia":[{"embeddable":true,"href":"http:\/\/parafia.pawezow.net\/wp\/wp-json\/wp\/v2\/media\/580"}],"wp:attachment":[{"href":"http:\/\/parafia.pawezow.net\/wp\/wp-json\/wp\/v2\/media?parent=3020"}],"wp:term":[{"taxonomy":"category","embeddable":true,"href":"http:\/\/parafia.pawezow.net\/wp\/wp-json\/wp\/v2\/categories?post=3020"},{"taxonomy":"post_tag","embeddable":true,"href":"http:\/\/parafia.pawezow.net\/wp\/wp-json\/wp\/v2\/tags?post=3020"}],"curies":[{"name":"wp","href":"https:\/\/api.w.org\/{rel}","templated":true}]}}