{"id":3122,"date":"2024-12-08T06:45:00","date_gmt":"2024-12-08T05:45:00","guid":{"rendered":"http:\/\/parafia.pawezow.net\/wp\/?p=3122"},"modified":"2024-12-07T22:12:42","modified_gmt":"2024-12-07T21:12:42","slug":"druga-niedziela-adwentu-08-12-2024","status":"publish","type":"post","link":"http:\/\/parafia.pawezow.net\/wp\/2024\/12\/08\/druga-niedziela-adwentu-08-12-2024\/","title":{"rendered":"Druga Niedziela Adwentu \u2013 08.12.2024"},"content":{"rendered":"\n<p>W Ko\u015bciele obchodzimy dzisiaj uroczysto\u015b\u0107 Niepokalanego Pocz\u0119cia Naj\u015bwi\u0119tszej Maryi Panny. Uroczysto\u015b\u0107 ta wyra\u017ca wiar\u0119 Ko\u015bcio\u0142a w to, \u017ce Maryja, wybrana na matk\u0119 Syna Bo\u017cego, jako jedyna z ludzi zosta\u0142a pocz\u0119ta bez grzechu pierworodnego.<\/p>\n\n\n\n<p>Dzisiejsza niedziela jest te\u017c Dniem Modlitwy i Pomocy Materialnej Ko\u015bcio\u0142owi na Wschodzie. Do puszek przed ko\u015bcio\u0142em sk\u0142adamy ofiary na pomoc Ko\u015bcio\u0142owi w by\u0142ych krajach Zwi\u0105zku Sowieckiego. Polecam ten wa\u017cny cel ofiarno\u015bci Parafian.<\/p>\n\n\n\n<p>W tygodniu Msze \u015aw. roratnie tylko wieczorne o godz. 17.00. Serdecznie zapraszamy do wsp\u00f3lnej modlitwy.<\/p>\n\n\n\n<p>W pi\u0105tek wspominamy kolejn\u0105 rocznic\u0119 wprowadzenia stanu wojennego. \u015awi\u0119ty Jan Pawe\u0142 II ci\u0105gle przypomina\u0142: \u201e[\u2026] ogromna jest cena, jak\u0105 zap\u0142aci\u0142 nar\u00f3d polski za niepodleg\u0142o\u015b\u0107, za prawo do istnienia jako pa\u0144stwo. Przechowujmy w sercach t\u0119 \u015bwiadomo\u015b\u0107 i niech ona stanie si\u0119 zach\u0119t\u0105 do g\u0142\u0119bokiej refleksji o Polsce, nad tym, jak\u0105 by\u0142a, jak\u0105 jest i jak\u0105 powinna by\u0107\u201d.<\/p>\n\n\n\n<p>W pi\u0105tek okr\u0119gowe spotkania m\u0142odzie\u017cy, kt\u00f3re odb\u0119dzie si\u0119 &nbsp;w ko\u015bciele pod wezwaniem Matki Bo\u017cej z Guadalupe w Nowej Jastrz\u0105bce. Rozpocz\u0119cie o 19.30, po cz\u0119\u015bci modlitewnej spotkanie integracyjne w szkole. Planowane zako\u0144czenie o 22.00. Zg\u0142oszenia do 10.12. poprzez SMS lub mail do dekanalnego duszpasterza m\u0142odzie\u017cy.<\/p>\n\n\n\n<p>Po Mszach \u015awi\u0119tych mo\u017cna naby\u0107 \u015bwiece Wigilijnego Dzie\u0142a Pomocy Dzieciom. Zach\u0119camy do wsparcia tej inicjatywy.<\/p>\n\n\n\n<p>Sk\u0142adamy serdeczne podzi\u0119kowania za ofiary na sprz\u0105tanie ko\u015bcio\u0142a rodz. Maciej Kubik, \u0141ukasz Szarek, Jaros\u0142aw Nowak, Tomasz Folta, Anita G\u00f3recka, a na ten tydz. prosimy rodz. Ziencina, Szawli\u0144ski, Babiarz, Pyjor, S\u00f3wka.<\/p>\n\n\n\n<p>Wszystkich parafianom i go\u015bciom, a szczeg\u00f3lnie solenizantom i jubilatom tego tygodnia \u017cyczymy wzrastania w mi\u0142o\u015bci ku Bogu, kt\u00f3ry uczyni\u0142 dla nas wielkie rzeczy, oraz opieki Niepokalanej.<\/p>\n\n\n\n<p><strong>W TYM TYGODNIU PATRONUJ\u0104 NAM:<\/strong><\/p>\n\n\n\n<ul class=\"wp-block-list\">\n<li>w pi\u0105tek \u2013 \u015awi\u0119ta \u0141ucja, dziewica i m\u0119czennica, kt\u00f3ra odda\u0142a \u017cycie w obronie wiary oko\u0142o 304 roku w Syrakuzach na Sycylii, patronka ociemnia\u0142ych;<\/li>\n\n\n\n<li>w sobot\u0119 \u2013 \u015awi\u0119ty Jan od Krzy\u017ca, karmelita, \u017cyj\u0105cy w latach 1542-1591, jeden z\u00a0najwi\u0119kszych mistyk\u00f3w i teolog\u00f3w duchowo\u015bci, doktor Ko\u015bcio\u0142a.<\/li>\n<\/ul>\n\n\n\n<p class=\"has-large-font-size\"><strong>Intencje Mszy \u015aw. 09.12. \u2013 15.12.2024<\/strong><\/p>\n\n\n\n<p><strong>Poza parafi\u0105 (1-30.XII) gregorianki za +Honorat\u0119 Kapustka, +J\u00f3zefa Wzorka<\/strong><\/p>\n\n\n\n<figure class=\"wp-block-table\"><table><tbody><tr><td><strong>PONIEDZIA\u0141EK<\/strong><\/td><td><strong>17:00<\/strong><\/td><td>++W\u0142adys\u0142awy, Felicji, J\u00f3zefa P\u0119kala<\/td><\/tr><tr><td><strong>WTOREK<\/strong><\/td><td><strong>17:00<\/strong><\/td><td>+Romana G\u0142owacza od s\u0105siad\u00f3w z Krzy\u017ca Cyganowskich<\/td><\/tr><tr><td><strong>\u015aRODA<\/strong><\/td><td><strong>17:00<\/strong><\/td><td>+Honoraty Kapustka od Zofii, Wies\u0142awa Gajda z rodz.<\/td><\/tr><tr><td><strong>CZWARTEK<\/strong><\/td><td><strong>17:00<\/strong><\/td><td>++Z rodz. Kie\u0142bas\u00f3w i Flis\u00f3w<\/td><\/tr><tr><td><strong>PI\u0104TEK<\/strong><\/td><td><strong>17:00<\/strong><\/td><td>Za Parafi\u0119<\/td><\/tr><tr><td><strong>SOBOTA<\/strong><\/td><td><strong>17:00<\/strong><\/td><td>+Romana G\u0142owacza od kuzynki Doroty z rodz.<\/td><\/tr><tr><td rowspan=\"3\"><strong>NIEDZIELA<\/strong><\/td><td><strong>7:30<\/strong><\/td><td>+Tadeusza Drwala w 4 r.\u015bm.<\/td><\/tr><tr><td><strong>10:00<\/strong><\/td><td>Za Parafian<\/td><\/tr><tr><td><strong>16:00<\/strong><\/td><td>+W\u0142adys\u0142awy Rajskiej od swatowej Janiny \u017bele\u017anik<\/td><\/tr><\/tbody><\/table><\/figure>\n\n\n\n<p class=\"has-text-align-center has-medium-font-size\"><strong>Wszystkim na ca\u0142y tydzie\u0144 \u017cyczymy Szcz\u0119\u015b\u0107 Bo\u017ce.<\/strong><\/p>\n\n\n\n<p><\/p>\n","protected":false},"excerpt":{"rendered":"<p>W Ko\u015bciele obchodzimy dzisiaj uroczysto\u015b\u0107 Niepokalanego Pocz\u0119cia Naj\u015bwi\u0119tszej Maryi Panny.<\/p>\n","protected":false},"author":3,"featured_media":576,"comment_status":"closed","ping_status":"closed","sticky":false,"template":"","format":"standard","meta":{"ngg_post_thumbnail":0,"footnotes":""},"categories":[5],"tags":[],"class_list":["post-3122","post","type-post","status-publish","format-standard","has-post-thumbnail","hentry","category-ogloszenia"],"_links":{"self":[{"href":"http:\/\/parafia.pawezow.net\/wp\/wp-json\/wp\/v2\/posts\/3122","targetHints":{"allow":["GET"]}}],"collection":[{"href":"http:\/\/parafia.pawezow.net\/wp\/wp-json\/wp\/v2\/posts"}],"about":[{"href":"http:\/\/parafia.pawezow.net\/wp\/wp-json\/wp\/v2\/types\/post"}],"author":[{"embeddable":true,"href":"http:\/\/parafia.pawezow.net\/wp\/wp-json\/wp\/v2\/users\/3"}],"replies":[{"embeddable":true,"href":"http:\/\/parafia.pawezow.net\/wp\/wp-json\/wp\/v2\/comments?post=3122"}],"version-history":[{"count":2,"href":"http:\/\/parafia.pawezow.net\/wp\/wp-json\/wp\/v2\/posts\/3122\/revisions"}],"predecessor-version":[{"id":3125,"href":"http:\/\/parafia.pawezow.net\/wp\/wp-json\/wp\/v2\/posts\/3122\/revisions\/3125"}],"wp:featuredmedia":[{"embeddable":true,"href":"http:\/\/parafia.pawezow.net\/wp\/wp-json\/wp\/v2\/media\/576"}],"wp:attachment":[{"href":"http:\/\/parafia.pawezow.net\/wp\/wp-json\/wp\/v2\/media?parent=3122"}],"wp:term":[{"taxonomy":"category","embeddable":true,"href":"http:\/\/parafia.pawezow.net\/wp\/wp-json\/wp\/v2\/categories?post=3122"},{"taxonomy":"post_tag","embeddable":true,"href":"http:\/\/parafia.pawezow.net\/wp\/wp-json\/wp\/v2\/tags?post=3122"}],"curies":[{"name":"wp","href":"https:\/\/api.w.org\/{rel}","templated":true}]}}