{"id":3288,"date":"2025-01-04T12:57:18","date_gmt":"2025-01-04T11:57:18","guid":{"rendered":"http:\/\/parafia.pawezow.net\/wp\/?p=3288"},"modified":"2025-01-04T12:58:18","modified_gmt":"2025-01-04T11:58:18","slug":"druga-niedziela-po-narodzeniu-panskim-05-01-2025","status":"publish","type":"post","link":"http:\/\/parafia.pawezow.net\/wp\/2025\/01\/04\/druga-niedziela-po-narodzeniu-panskim-05-01-2025\/","title":{"rendered":"Druga Niedziela po Narodzeniu Pa\u0144skim \u2013 05.01.2025"},"content":{"rendered":"\n<p>Prze\u017cywamy rado\u015b\u0107 z narodzenia Pa\u0144skiego, cho\u0107 to ju\u017c druga niedziela po \u015awi\u0119tach Bo\u017cego Narodzenia.<\/p>\n\n\n\n<p>Jutro przypada uroczysto\u015b\u0107 Objawienia Pa\u0144skiego, w&nbsp;naszej tradycji zwana \u015bwi\u0119tem Trzech Kr\u00f3li, kt\u00f3ra przypomina, \u017ce Syn Bo\u017cy przyszed\u0142 do ludzi wszystkich narod\u00f3w, ras i j\u0119zyk\u00f3w. Tego dnia w&nbsp;ko\u015bciele pob\u0142ogos\u0142awimy kadzid\u0142o i&nbsp;kred\u0119, kt\u00f3r\u0105 \u2013 zgodnie z dawnym polskim zwyczajem \u2013 na drzwiach naszych dom\u00f3w kre\u015blimy pierwsze litery imion M\u0119drc\u00f3w ze Wschodu: Kacpra, Melchiora i Baltazara (C&nbsp;+&nbsp;M&nbsp;+ B), dodaj\u0105c cyfry roku Pa\u0144skiego. Ten zapis t\u0142umaczymy te\u017c jako pro\u015bb\u0119, aby Chrystus pob\u0142ogos\u0142awi\u0142 nasz dom: \u201eChristus mansionem benedicat\u201d. Takie oznakowanie drzwi naszych dom\u00f3w stanowi \u015bwiadectwo wiary wobec naszych braci i si\u00f3str.<\/p>\n\n\n\n<p>W uroczysto\u015b\u0107 Objawienia Pa\u0144skiego obchodzimy Dzie\u0144 Dzie\u0142a Misyjnego Diecezji Tarnowskiej i Misyjny Dzie\u0144 Dziecka. Na Sumie zako\u0144czenie kol\u0119dowania misyjnego. Sk\u0142adka na misje. Przed ko\u015bcio\u0142em kol\u0119dnicy misyjni b\u0119d\u0105 zbiera\u0107 ofiary od tych, kt\u00f3rzy chc\u0105 wesprze\u0107 to dzie\u0142o lub tych kt\u00f3rych nie by\u0142o w czasie kol\u0119dowania w domach. Polecam t\u0119 sk\u0142adk\u0119 ofiarno\u015bci Parafian.<\/p>\n\n\n\n<p>Pi\u0119kn\u0105 tradycj\u0105 zwi\u0105zan\u0105 z t\u0105 uroczysto\u015bci\u0105 staje si\u0119 te\u017c organizowany w naszych miejskich i wiejskich parafiach Orszak Trzech Kr\u00f3li. W naszej parafii wyruszy on spod remizy o 9.45. Jest to wspania\u0142a publiczna manifestacja wiary i rado\u015bci z przyj\u015bcia Zbawiciela na \u015bwiat.<\/p>\n\n\n\n<p>W przysz\u0142\u0105 niedziel\u0119 b\u0119dziemy obchodzi\u0107 \u015bwi\u0119to Chrztu Pa\u0144skiego, kt\u00f3re ko\u0144czy liturgiczny okres Narodzenia Pa\u0144skiego. Msza \u015aw. popo\u0142udniowa wyj\u0105tkowo o godz. 15.00, a potem spotkanie op\u0142atkowe w szkole dla Parafian. Niech wszyscy czuj\u0105 si\u0119 zaproszeni.<\/p>\n\n\n\n<p>Sk\u0142adamy serdeczne podzi\u0119kowania za ofiary z\u0142o\u017cone na sprz\u0105tanie ko\u015bcio\u0142a rodz. Roman Limanowski, Barbara Stolarczyk, Barbara Ostr\u0119ga, Maria Moskal, a na ten tydz. prosimy rodz. G\u0142uszczyk, Pawlak, Michalski, Rachwa\u0142, Demczak.<\/p>\n\n\n\n<p>W naszej parafii trwaj\u0105 doroczne odwiedziny duszpasterskie, tak zwana kol\u0119da. Pami\u0119tajmy, \u017ce kap\u0142an przychodzi do naszych dom\u00f3w i mieszka\u0144, a przede wszystkim do rodzin z Bo\u017cym b\u0142ogos\u0142awie\u0144stwem. Program kol\u0119dy jest wywieszony w gablocie parafialnej oraz pod linkiem poni\u017cej.<\/p>\n\n\n\n<p class=\"has-large-font-size\"><strong>Intencje Mszy \u015aw. 06.01 \u2013 12.01.2025<\/strong><\/p>\n\n\n\n<figure class=\"wp-block-table\"><table><tbody><tr><td rowspan=\"3\"><strong>PONIEDZIA\u0141EK<\/strong> <strong>&nbsp;<\/strong> <br><strong>OBJAWIENIE<\/strong> <strong>PA\u0143SKIE<\/strong><\/td><td><strong>7:30<\/strong><\/td><td>++Jana, Stefanii Misiura w 37 r.\u015bm.<\/td><\/tr><tr><td><strong>10:00<\/strong><\/td><td>Za Parafi\u0119<\/td><\/tr><tr><td><strong>16:00<\/strong><\/td><td>Z r\u00f3\u017cy Anny Ludwa o B\u0142.B. i ++<\/td><\/tr><tr><td><strong>WTOREK<\/strong><\/td><td><strong>6:30<\/strong><\/td><td>+J\u00f3zefa Wzorek od Stanis\u0142awa, Teresy Barwacz<\/td><\/tr><tr><td><strong>\u015aRODA<\/strong><\/td><td><strong>17:00<\/strong><\/td><td>+J\u00f3zefa Wzorek od Stanis\u0142awa, Bernadetty Grabczy\u0144skich<\/td><\/tr><tr><td><strong>CZWARTEK<\/strong><\/td><td><strong>6:30<\/strong><\/td><td>+Czes\u0142awy Dobrza\u0144skiej w r.\u015bm.<\/td><\/tr><tr><td><strong>PI\u0104TEK<\/strong><\/td><td><strong>6:30<\/strong><\/td><td>Za dusze w czy\u015b\u0107cu<\/td><\/tr><tr><td><strong>SOBOTA<\/strong><\/td><td><strong>6:30<\/strong><\/td><td>+J\u00f3zefa Wzorka od Tadeusza Gut i rodz. Gdowskich<\/td><\/tr><tr><td rowspan=\"3\"><strong>NIEDZIELA<\/strong><\/td><td><strong>7:30<\/strong><\/td><td>++Weroniki, Zygmunta Mr\u00f3z<\/td><\/tr><tr><td><strong>10:00<\/strong><\/td><td>+Mieczys\u0142awa Bogacza w 10 r.\u015bm.<\/td><\/tr><tr><td><strong>15:00<\/strong><\/td><td>+Mieczys\u0142awa Cierpika<\/td><\/tr><\/tbody><\/table><\/figure>\n\n\n\n<p><\/p>\n\n\n\n<p class=\"has-large-font-size\"><strong>Porz\u0105dek kol\u0119dy 2024-2025<\/strong><\/p>\n\n\n\n<p class=\"has-medium-font-size\"><a href=\"http:\/\/parafia.pawezow.net\/wp\/porzadek-koledy\/\">http:\/\/parafia.pawezow.net\/wp\/porzadek-koledy\/<\/a><\/p>\n\n\n\n<p class=\"has-text-align-center has-medium-font-size\"><strong>Wszystkim na ca\u0142y tydzie\u0144 \u017cyczymy Szcz\u0119\u015b\u0107 Bo\u017ce.<\/strong><\/p>\n\n\n\n<p><\/p>\n","protected":false},"excerpt":{"rendered":"<p>Prze\u017cywamy rado\u015b\u0107 z narodzenia Pa\u0144skiego&#8230;<\/p>\n","protected":false},"author":3,"featured_media":574,"comment_status":"closed","ping_status":"closed","sticky":false,"template":"","format":"standard","meta":{"ngg_post_thumbnail":0,"footnotes":""},"categories":[5],"tags":[],"class_list":["post-3288","post","type-post","status-publish","format-standard","has-post-thumbnail","hentry","category-ogloszenia"],"_links":{"self":[{"href":"http:\/\/parafia.pawezow.net\/wp\/wp-json\/wp\/v2\/posts\/3288","targetHints":{"allow":["GET"]}}],"collection":[{"href":"http:\/\/parafia.pawezow.net\/wp\/wp-json\/wp\/v2\/posts"}],"about":[{"href":"http:\/\/parafia.pawezow.net\/wp\/wp-json\/wp\/v2\/types\/post"}],"author":[{"embeddable":true,"href":"http:\/\/parafia.pawezow.net\/wp\/wp-json\/wp\/v2\/users\/3"}],"replies":[{"embeddable":true,"href":"http:\/\/parafia.pawezow.net\/wp\/wp-json\/wp\/v2\/comments?post=3288"}],"version-history":[{"count":4,"href":"http:\/\/parafia.pawezow.net\/wp\/wp-json\/wp\/v2\/posts\/3288\/revisions"}],"predecessor-version":[{"id":3294,"href":"http:\/\/parafia.pawezow.net\/wp\/wp-json\/wp\/v2\/posts\/3288\/revisions\/3294"}],"wp:featuredmedia":[{"embeddable":true,"href":"http:\/\/parafia.pawezow.net\/wp\/wp-json\/wp\/v2\/media\/574"}],"wp:attachment":[{"href":"http:\/\/parafia.pawezow.net\/wp\/wp-json\/wp\/v2\/media?parent=3288"}],"wp:term":[{"taxonomy":"category","embeddable":true,"href":"http:\/\/parafia.pawezow.net\/wp\/wp-json\/wp\/v2\/categories?post=3288"},{"taxonomy":"post_tag","embeddable":true,"href":"http:\/\/parafia.pawezow.net\/wp\/wp-json\/wp\/v2\/tags?post=3288"}],"curies":[{"name":"wp","href":"https:\/\/api.w.org\/{rel}","templated":true}]}}