{"id":3345,"date":"2025-02-22T09:48:33","date_gmt":"2025-02-22T08:48:33","guid":{"rendered":"http:\/\/parafia.pawezow.net\/wp\/?p=3345"},"modified":"2025-02-22T09:49:55","modified_gmt":"2025-02-22T08:49:55","slug":"siodma-niedziela-w-ciagu-roku-23-02-2025","status":"publish","type":"post","link":"http:\/\/parafia.pawezow.net\/wp\/2025\/02\/22\/siodma-niedziela-w-ciagu-roku-23-02-2025\/","title":{"rendered":"Si\u00f3dma Niedziela w ci\u0105gu roku \u2013 23.02.2025"},"content":{"rendered":"\n<p>Ka\u017cda niedziela jest dniem Pa\u0144skim, dniem zgromadzenia liturgicznego, dniem rodziny chrze\u015bcija\u0144skiej, rado\u015bci i odpoczynku od pracy. Jest podstaw\u0105 i&nbsp;rdzeniem ca\u0142ego roku liturgicznego, g\u0142\u00f3wnym dniem celebrowania Eucharystii, poniewa\u017c jest to dzie\u0144 pami\u0105tki zmartwychwstania Pa\u0144skiego. Bior\u0105c udzia\u0142 we Mszy \u015awi\u0119tej, po\u015bwiadczamy nasz\u0105 wiar\u0119, umacniamy nasze powo\u0142anie do g\u0142oszenia Ewangelii Chrystusowej w \u015bwiecie.<\/p>\n\n\n\n<p>Dzi\u015b II niedziela nabo\u017ce\u0144stwa 40-godzinnego, kt\u00f3re b\u0119dzie trwa\u0142o przez 3 niedziele. Rozpocznie si\u0119 ono o godz. 14.00-ojcowie i m\u0142odzie\u017c, o 15.00 matki i dzieci lub kiedy kto mo\u017ce.<\/p>\n\n\n\n<p>W pi\u0105tek o godz. 19.00 rozpocznie si\u0119 ca\u0142onocna Adoracja Naj\u015bwi\u0119tszego Sakramentu.<\/p>\n\n\n\n<p>W tym tygodniu przypada pierwsza sobota miesi\u0105ca. Nabo\u017ce\u0144stwo do Niepokalanego Serca Naj\u015bwi\u0119tszej Maryi Panny i zmiana tajemnic r\u00f3\u017ca\u0144cowych b\u0119dzie w sobot\u0119 o godz. 17.00 &nbsp;\u2013 serdecznie zach\u0119cam, aby licznie wzi\u0105\u0107 udzia\u0142 w tym nabo\u017ce\u0144stwie i powierzy\u0107 matczynej opiece Maryi nasze codzienne troski.<\/p>\n\n\n\n<p>Jednocze\u015bnie w sobot\u0119 b\u0119dziemy obchodzili Narodowy Dzie\u0144 Pami\u0119ci \u201e\u017bo\u0142nierzy Wykl\u0119tych\u201d, kt\u00f3ry od 2011 roku jest \u015bwi\u0119tem pa\u0144stwowym. Dzie\u0144 ten zosta\u0142 ustanowiony dla upami\u0119tnienia \u017co\u0142nierzy antykomunistycznego i niepodleg\u0142o\u015bciowego podziemia. W naszej modlitwie pami\u0119tajmy o wszystkich, kt\u00f3rzy w trudnych czasach komunistycznego re\u017cimu podejmowali walk\u0119 o wolno\u015b\u0107 i suwerenno\u015b\u0107 naszej Ojczyzny.<\/p>\n\n\n\n<p>W dniu 7 marca w Parafii Katedralnej rozpocznie si\u0119 kurs przedma\u0142\u017ce\u0144ski. Pierwsze spotkanie w auli przy bazylice katedralnej w pi\u0105tek 7 marca o godz. 19.00. Kurs dedykowany jest dla par. Zg\u0142oszenie i sprawy organizacyjne na pierwszym spotkaniu.<\/p>\n\n\n\n<p>Parafia Katedralna w Tarnowie zaprasza na wielkopostny dzie\u0144 skupienia dla os\u00f3b \u017cyj\u0105cych w zwi\u0105zkach niesakramentalnych. Spotkanie odb\u0119dzie si\u0119 8 marca o godz. 15.00 w bazylice katedralnej w Tarnowie.<\/p>\n\n\n\n<p>Sk\u0142adamy serdeczne podzi\u0119kowania za ofiary na sprz\u0105tanie ko\u015bcio\u0142a rodz. Tomasz Klich, a na ten tydz. prosimy rodz. Zapart, Zapart, Wa\u0142aszek, Wi\u015bniewska, Maziarz.<\/p>\n\n\n\n<p class=\"has-large-font-size\"><strong>Intencje Mszy \u015aw. 24.02 \u2013 02.03.2025<\/strong><\/p>\n\n\n\n<figure class=\"wp-block-table\"><table><tbody><tr><td><strong>PONIEDZIA\u0141EK<\/strong><\/td><td><strong>6:30<\/strong><\/td><td>+W\u0142adys\u0142awy Rajskiej od Marii Moskal<\/td><\/tr><tr><td><strong>WTOREK<\/strong><\/td><td><strong>6:30<\/strong><\/td><td>+Juliana Cyganowskiego w 30 dz.p.\u015bm. od siostrzenicy Marzeny Mozgowiec z rodz.<\/td><\/tr><tr><td><strong>\u015aRODA<\/strong><\/td><td><strong>17:00<\/strong><\/td><td>W int. Bogu wiadomej<\/td><\/tr><tr><td><strong>CZWARTEK<\/strong><\/td><td><strong>6:30<\/strong><\/td><td>+Romana G\u0142owacza od brata Marka<\/td><\/tr><tr><td rowspan=\"2\"><strong>PI\u0104TEK<\/strong><\/td><td><strong>6:30<\/strong><\/td><td>+Romana G\u0142owacza<\/td><\/tr><tr><td><strong>17:00<\/strong><\/td><td>++Ludwiny, Franciszka Albertusiak w r.\u015bm.<\/td><\/tr><tr><td rowspan=\"2\"><strong>SOBOTA<\/strong><\/td><td><strong>6:30<\/strong><\/td><td>+Honoraty Kapustka od ucz. pogrz.<\/td><\/tr><tr><td><strong>15:00<\/strong><\/td><td>W 80 urodziny J\u00f3zefa dz.-b\u0142.<\/td><\/tr><tr><td rowspan=\"3\"><strong>NIEDZIELA<\/strong><\/td><td><strong>7:30<\/strong><\/td><td>++Wojciecha, Katarzyny, Marii, Kazimierza Bogacz<\/td><\/tr><tr><td><strong>10:00<\/strong><\/td><td>Za parafi\u0119<\/td><\/tr><tr><td><strong>16:00<\/strong><\/td><td>+Zbigniewa Drwal w 4 r.\u015bm. od \u017cony<\/td><\/tr><\/tbody><\/table><\/figure>\n\n\n\n<p class=\"has-text-align-center has-medium-font-size\"><strong>Wszystkim na ca\u0142y tydzie\u0144 \u017cyczymy Szcz\u0119\u015b\u0107 Bo\u017ce.<\/strong><\/p>\n","protected":false},"excerpt":{"rendered":"<p>Ka\u017cda niedziela jest dniem Pa\u0144skim&#8230;<\/p>\n","protected":false},"author":3,"featured_media":580,"comment_status":"closed","ping_status":"closed","sticky":false,"template":"","format":"standard","meta":{"ngg_post_thumbnail":0,"footnotes":""},"categories":[5],"tags":[],"class_list":["post-3345","post","type-post","status-publish","format-standard","has-post-thumbnail","hentry","category-ogloszenia"],"_links":{"self":[{"href":"http:\/\/parafia.pawezow.net\/wp\/wp-json\/wp\/v2\/posts\/3345","targetHints":{"allow":["GET"]}}],"collection":[{"href":"http:\/\/parafia.pawezow.net\/wp\/wp-json\/wp\/v2\/posts"}],"about":[{"href":"http:\/\/parafia.pawezow.net\/wp\/wp-json\/wp\/v2\/types\/post"}],"author":[{"embeddable":true,"href":"http:\/\/parafia.pawezow.net\/wp\/wp-json\/wp\/v2\/users\/3"}],"replies":[{"embeddable":true,"href":"http:\/\/parafia.pawezow.net\/wp\/wp-json\/wp\/v2\/comments?post=3345"}],"version-history":[{"count":2,"href":"http:\/\/parafia.pawezow.net\/wp\/wp-json\/wp\/v2\/posts\/3345\/revisions"}],"predecessor-version":[{"id":3350,"href":"http:\/\/parafia.pawezow.net\/wp\/wp-json\/wp\/v2\/posts\/3345\/revisions\/3350"}],"wp:featuredmedia":[{"embeddable":true,"href":"http:\/\/parafia.pawezow.net\/wp\/wp-json\/wp\/v2\/media\/580"}],"wp:attachment":[{"href":"http:\/\/parafia.pawezow.net\/wp\/wp-json\/wp\/v2\/media?parent=3345"}],"wp:term":[{"taxonomy":"category","embeddable":true,"href":"http:\/\/parafia.pawezow.net\/wp\/wp-json\/wp\/v2\/categories?post=3345"},{"taxonomy":"post_tag","embeddable":true,"href":"http:\/\/parafia.pawezow.net\/wp\/wp-json\/wp\/v2\/tags?post=3345"}],"curies":[{"name":"wp","href":"https:\/\/api.w.org\/{rel}","templated":true}]}}