{"id":3354,"date":"2025-03-01T10:07:19","date_gmt":"2025-03-01T09:07:19","guid":{"rendered":"http:\/\/parafia.pawezow.net\/wp\/?p=3354"},"modified":"2025-03-07T23:31:36","modified_gmt":"2025-03-07T22:31:36","slug":"osma-niedziela-w-ciagu-roku-23-02-2025","status":"publish","type":"post","link":"http:\/\/parafia.pawezow.net\/wp\/2025\/03\/01\/osma-niedziela-w-ciagu-roku-23-02-2025\/","title":{"rendered":"\u00d3sma Niedziela w ci\u0105gu roku \u2013 02.03.2025"},"content":{"rendered":"\n<p>Ka\u017cda niedziela to dzie\u0144 spotkania z&nbsp;Panem w tajemnicy Eucharystii, wytchnienia od codziennych obowi\u0105zk\u00f3w oraz pog\u0142\u0119bienia relacji z najbli\u017cszymi. Posileni na \u015awi\u0119tej Wieczerzy wykorzystajmy dobrze czas dany nam przez Boga.<\/p>\n\n\n\n<p>Dzi\u015b III niedziela nabo\u017ce\u0144stwa 40-godzinnego. Rozpocznie si\u0119 ono o godz. 14.00-ojcowie i m\u0142odzie\u017c, o 15.00 matki i dzieci lub kiedy kto mo\u017ce.<\/p>\n\n\n\n<p>Dzisiaj rozpoczynamy w Ko\u015bciele w Polsce 58. Tydzie\u0144 Modlitw o Trze\u017awo\u015b\u0107 Narodu. Ko\u015bci\u00f3\u0142 wzywa nas do szczeg\u00f3lnej indywidualnej i wsp\u00f3lnotowej modlitwy oraz do abstynencji, kt\u00f3r\u0105 mo\u017cemy ofiarowa\u0107 Panu Bogu jako wynagrodzenie za grzechy pija\u0144stwa innych os\u00f3b lub z pro\u015bb\u0105 o uwolnienie od tego na\u0142ogu bliskich czy znajomych. Zach\u0119cam wszystkich parafian do podj\u0119cia dobrowolnej abstynencji od alkoholu i innych u\u017cywek nie tylko w ci\u0105gu tego wyj\u0105tkowego tygodnia, ale tak\u017ce na d\u0142u\u017cszy okres dla ratowania ludzi uzale\u017cnionych, zw\u0142aszcza z naszej parafialnej wsp\u00f3lnoty.<\/p>\n\n\n\n<p>Ko\u0144czy si\u0119 tegoroczny karnawa\u0142. W tym tygodniu, 5 marca, przypada \u015aroda Popielcowa. Otwiera ona \u015bwi\u0119ty, szczeg\u00f3lny czas Wielkiego Postu. Msze \u015awi\u0119te tego dnia w naszym ko\u015bciele o godz.: 6.30 i 17.00. Zewn\u0119trznym znakiem naszego wej\u015bcia na drog\u0119 pokuty i nawr\u00f3cenia jest posypanie g\u0142owy popio\u0142em.<\/p>\n\n\n\n<p>W Popielec obowi\u0105zuje post \u015bcis\u0142y, polegaj\u0105cy na wstrzemi\u0119\u017aliwo\u015bci od pokarm\u00f3w mi\u0119snych i spo\u017cyciu jednego posi\u0142ku do syta w ci\u0105gu dnia. Pozosta\u0142e posi\u0142ki nale\u017cy ograniczy\u0107 co do ilo\u015bci. Post obowi\u0105zuje wszystkich pomi\u0119dzy 18. a 60. rokiem \u017cycia. Pozosta\u0142ych wiernych zach\u0119camy tak\u017ce do czynnego w\u0142\u0105czenia si\u0119 w ten wielki akt pokutny, na miar\u0119 ich mo\u017cliwo\u015bci. Przypominam, \u017ce wszystkich od 14. roku \u017cycia obowi\u0105zuje wstrzemi\u0119\u017aliwo\u015b\u0107 od pokarm\u00f3w mi\u0119snych. Przypominam te\u017c, \u017ce Wielki Post jest tzw. czasem zakazanym dla wesel, zabaw i dyskotek. Sk\u0142adka na cele charytatywne.<\/p>\n\n\n\n<p>Od \u015arody Popielcowej do pierwszej niedzieli Wielkiego Postu w\u0142\u0105cznie b\u0119d\u0105 trwa\u0107 Kwartalne dni modlitw o ducha pokuty.<\/p>\n\n\n\n<p>Nasze duchowe wielkopostne \u0107wiczenia wzmocni udzia\u0142 w nabo\u017ce\u0144stwach Drogi krzy\u017cowej, kt\u00f3re w naszym ko\u015bciele b\u0119dziemy odprawiali w pi\u0105tki o godz. 16.00 dla dzieci, o 17.00 Msza \u015aw., a po niej o godz. 17.00 Droga krzy\u017cowa dla m\u0142odzie\u017cy i doros\u0142ych oraz w&nbsp;Gorzkich \u017calach z kazaniem pasyjnym, odprawianych w ka\u017cd\u0105 niedziel\u0119 o godz. 15.15.<\/p>\n\n\n\n<p>W tym tygodniu przypada pierwszy czwartek i pierwszy pi\u0105tek miesi\u0105ca:<\/p>\n\n\n\n<p>&#8211; w czwartek adoracja Naj\u015bwi\u0119tszego Sakramentu i modlitwa o u\u015bwi\u0119cenie kap\u0142an\u00f3w oraz o&nbsp;nowe liczne i \u015bwi\u0119te powo\u0142ania kap\u0142a\u0144skie i zakonne o godz. 17.00 \u2013 spotkanie kandydat\u00f3w do Bierzmowania;<\/p>\n\n\n\n<p>Spowied\u017a przed I pi\u0105tkiem we czwartek od 16.00;<\/p>\n\n\n\n<p>&#8211; w pi\u0105tek nabo\u017ce\u0144stwo do Naj\u015bwi\u0119tszego Serca Pana Jezusa po\u0142\u0105czone z Jego Uwielbieniem po Mszy o godz. 17.00 \u2013 modlimy si\u0119 za misjonarzy i wspieramy ich ofiarami; odwiedziny chorych od godz. 7.30.<\/p>\n\n\n\n<p>Sk\u0142adamy serdeczne podzi\u0119kowania za ofiary na sprz\u0105tanie ko\u015bcio\u0142a rodz. Dawid Kiermasz, Jolanta Zapart, Magdalena Zapart, Tadeusz Wa\u0142aszek, Miros\u0142awa Wi\u015bniewska, Krystyna Maziarz, \u00a0a na ten tydz. prosimy rodz. Iwaniec, Starzyk, G\u0105siorowska, Koperska, Bogacz.<\/p>\n\n\n\n<p class=\"has-large-font-size\"><strong>Intencje Mszy \u015aw. 03.03 \u2013 09.03.2025<\/strong><\/p>\n\n\n\n<p>Poza parafi\u0105 greg. +Juliana Cyganowskiego (z Mszy pogrzebowych)<\/p>\n\n\n\n<figure class=\"wp-block-table\"><table><tbody><tr><td><strong>PONIEDZIA\u0141EK<\/strong><\/td><td><strong>6:30<\/strong><\/td><td>+Honoraty Kapustka od wnuka Jakuba<\/td><\/tr><tr><td><strong>WTOREK<\/strong><\/td><td><strong>6:30<\/strong><\/td><td>+Kazimierza Osysko od \u017cony Marii<\/td><\/tr><tr><td rowspan=\"2\"><strong>\u015aRODA<\/strong> <strong>&nbsp;<\/strong> <strong>POPIELEC<\/strong><\/td><td><strong>6:30<\/strong><\/td><td>+Romana G\u0142owacza od Haldek-Stal<\/td><\/tr><tr><td><strong>17:00<\/strong><\/td><td>+Eryka Adamowicza od Joanny i Paw\u0142a<\/td><\/tr><tr><td rowspan=\"2\"><strong>CZWARTEK<\/strong><\/td><td><strong>6:30<\/strong><\/td><td>+Kazimierza Osysko od syna Macieja z rodz.<\/td><\/tr><tr><td><strong>17:00<\/strong><\/td><td>Za Parafian<\/td><\/tr><tr><td rowspan=\"2\"><strong>PI\u0104TEK<\/strong><\/td><td><strong>6:30<\/strong><\/td><td>+Romana G\u0142owacza od Justyny Boruch<\/td><\/tr><tr><td><strong>17:00<\/strong><\/td><td>W int. Zofii z ok. 18 ur. o \u015awiat\u0142o Ducha \u015aw. w doros\u0142ym \u017cyciu<\/td><\/tr><tr><td><strong>SOBOTA<\/strong><\/td><td><strong>6:30<\/strong><\/td><td>+W\u0142adys\u0142awy Rajskiej od rodz. Gaudyn<\/td><\/tr><tr><td rowspan=\"3\"><strong>NIEDZIELA<\/strong><\/td><td><strong>7:30<\/strong><\/td><td>++Stefanii, Kazimierza Czeczot<\/td><\/tr><tr><td><strong>10:00<\/strong><\/td><td>+Danuty Golec w 3 r.\u015bm.<\/td><\/tr><tr><td><strong>16:00<\/strong><\/td><td>++J\u00f3zefa Janasa w r.\u015bm., \u017cony Barbary<\/td><\/tr><\/tbody><\/table><\/figure>\n\n\n\n<p class=\"has-text-align-center has-medium-font-size\"><strong>Wszystkim na ca\u0142y tydzie\u0144 \u017cyczymy Szcz\u0119\u015b\u0107 Bo\u017ce.<\/strong><\/p>\n\n\n\n<p><\/p>\n","protected":false},"excerpt":{"rendered":"<p>Ka\u017cda niedziela to dzie\u0144 spotkania z\u00a0Panem w tajemnicy Eucharystii&#8230;<\/p>\n","protected":false},"author":3,"featured_media":580,"comment_status":"closed","ping_status":"closed","sticky":false,"template":"","format":"standard","meta":{"ngg_post_thumbnail":0,"footnotes":""},"categories":[5],"tags":[],"class_list":["post-3354","post","type-post","status-publish","format-standard","has-post-thumbnail","hentry","category-ogloszenia"],"_links":{"self":[{"href":"http:\/\/parafia.pawezow.net\/wp\/wp-json\/wp\/v2\/posts\/3354","targetHints":{"allow":["GET"]}}],"collection":[{"href":"http:\/\/parafia.pawezow.net\/wp\/wp-json\/wp\/v2\/posts"}],"about":[{"href":"http:\/\/parafia.pawezow.net\/wp\/wp-json\/wp\/v2\/types\/post"}],"author":[{"embeddable":true,"href":"http:\/\/parafia.pawezow.net\/wp\/wp-json\/wp\/v2\/users\/3"}],"replies":[{"embeddable":true,"href":"http:\/\/parafia.pawezow.net\/wp\/wp-json\/wp\/v2\/comments?post=3354"}],"version-history":[{"count":4,"href":"http:\/\/parafia.pawezow.net\/wp\/wp-json\/wp\/v2\/posts\/3354\/revisions"}],"predecessor-version":[{"id":3359,"href":"http:\/\/parafia.pawezow.net\/wp\/wp-json\/wp\/v2\/posts\/3354\/revisions\/3359"}],"wp:featuredmedia":[{"embeddable":true,"href":"http:\/\/parafia.pawezow.net\/wp\/wp-json\/wp\/v2\/media\/580"}],"wp:attachment":[{"href":"http:\/\/parafia.pawezow.net\/wp\/wp-json\/wp\/v2\/media?parent=3354"}],"wp:term":[{"taxonomy":"category","embeddable":true,"href":"http:\/\/parafia.pawezow.net\/wp\/wp-json\/wp\/v2\/categories?post=3354"},{"taxonomy":"post_tag","embeddable":true,"href":"http:\/\/parafia.pawezow.net\/wp\/wp-json\/wp\/v2\/tags?post=3354"}],"curies":[{"name":"wp","href":"https:\/\/api.w.org\/{rel}","templated":true}]}}