{"id":666,"date":"2020-04-30T20:15:15","date_gmt":"2020-04-30T18:15:15","guid":{"rendered":"http:\/\/parafia.pawezow.net\/wp\/?p=666"},"modified":"2020-04-30T20:18:54","modified_gmt":"2020-04-30T18:18:54","slug":"komunikat-biskupa-tarnowskiego","status":"publish","type":"post","link":"http:\/\/parafia.pawezow.net\/wp\/2020\/04\/30\/komunikat-biskupa-tarnowskiego\/","title":{"rendered":"Komunikat Biskupa Tarnowskiego"},"content":{"rendered":"\n<h4 class=\"has-text-align-center wp-block-heading\">Komunikat Biskupa Tarnowskiego<\/h4>\n\n\n\n<h4 class=\"has-text-align-center wp-block-heading\">w sprawie wstrzemi\u0119\u017aliwo\u015bci od pokarm\u00f3w mi\u0119snych na dzie\u0144 1 maja<\/h4>\n\n\n\n<p><\/p>\n\n\n\n<p>Nawi\u0105zuj\u0105c do komunikatu&nbsp;Rady Sta\u0142ej&nbsp;Konferencji Episkopatu Polski z&nbsp;dnia 27 kwietnia 2020 roku,&nbsp;gor\u0105co zach\u0119cam tarnowskich Diecezjan, aby w&nbsp;dniu 1&nbsp;maja \u2013 kt\u00f3ry zarazem&nbsp;przypada&nbsp;w pierwszy pi\u0105tek miesi\u0105ca \u2013 zachowali praktyk\u0119 wstrzemi\u0119\u017aliwo\u015bci od pokarm\u00f3w mi\u0119snych. Jest to tym bardziej wskazane w aktualnej sytuacji,&nbsp;w kt\u00f3rejci\u0105gle zmagamy si\u0119&nbsp;z&nbsp;epidemi\u0105&nbsp;i jej skutkgami,&nbsp;aletak\u017ce&nbsp;z&nbsp;dotkliw\u0105 susz\u0105 zagra\u017caj\u0105c\u0105 uprawom rolnym.&nbsp;<\/p>\n\n\n\n<p>Dlatego&nbsp;te\u017c apeluj\u0119, aby ten dzie\u0144 uczyni\u0107 dniem postu, pokuty i&nbsp;modlitwy w intencji zachowania miejsc pracy dla naszych rodak\u00f3w, o ustanie&nbsp;epidemii oraz \u017cyzny deszcz konieczny do wzrostu plon\u00f3w.<\/p>\n\n\n\n<p>Z pasterskim b\u0142ogos\u0142awie\u0144stwem<\/p>\n\n\n\n<p class=\"has-text-align-center\">\u2020 Andrzej Je\u017c<\/p>\n\n\n\n<p class=\"has-text-align-center\">BISKUP TARNOWSKI<\/p>\n\n\n\n<p>Tarn\u00f3w, 30 kwietnia 2020 r.<\/p>\n","protected":false},"excerpt":{"rendered":"<p>Komunikat Biskupa Tarnowskiego w sprawie wstrzemi\u0119\u017aliwo\u015bci od pokarm\u00f3w mi\u0119snych na dzie\u0144 1 maja<\/p>\n","protected":false},"author":2,"featured_media":553,"comment_status":"closed","ping_status":"closed","sticky":false,"template":"","format":"standard","meta":{"ngg_post_thumbnail":0,"footnotes":""},"categories":[8],"tags":[],"class_list":["post-666","post","type-post","status-publish","format-standard","has-post-thumbnail","hentry","category-biskup-tarnowski"],"_links":{"self":[{"href":"http:\/\/parafia.pawezow.net\/wp\/wp-json\/wp\/v2\/posts\/666","targetHints":{"allow":["GET"]}}],"collection":[{"href":"http:\/\/parafia.pawezow.net\/wp\/wp-json\/wp\/v2\/posts"}],"about":[{"href":"http:\/\/parafia.pawezow.net\/wp\/wp-json\/wp\/v2\/types\/post"}],"author":[{"embeddable":true,"href":"http:\/\/parafia.pawezow.net\/wp\/wp-json\/wp\/v2\/users\/2"}],"replies":[{"embeddable":true,"href":"http:\/\/parafia.pawezow.net\/wp\/wp-json\/wp\/v2\/comments?post=666"}],"version-history":[{"count":2,"href":"http:\/\/parafia.pawezow.net\/wp\/wp-json\/wp\/v2\/posts\/666\/revisions"}],"predecessor-version":[{"id":668,"href":"http:\/\/parafia.pawezow.net\/wp\/wp-json\/wp\/v2\/posts\/666\/revisions\/668"}],"wp:featuredmedia":[{"embeddable":true,"href":"http:\/\/parafia.pawezow.net\/wp\/wp-json\/wp\/v2\/media\/553"}],"wp:attachment":[{"href":"http:\/\/parafia.pawezow.net\/wp\/wp-json\/wp\/v2\/media?parent=666"}],"wp:term":[{"taxonomy":"category","embeddable":true,"href":"http:\/\/parafia.pawezow.net\/wp\/wp-json\/wp\/v2\/categories?post=666"},{"taxonomy":"post_tag","embeddable":true,"href":"http:\/\/parafia.pawezow.net\/wp\/wp-json\/wp\/v2\/tags?post=666"}],"curies":[{"name":"wp","href":"https:\/\/api.w.org\/{rel}","templated":true}]}}