{"id":738,"date":"2020-06-07T03:00:00","date_gmt":"2020-06-07T01:00:00","guid":{"rendered":"http:\/\/parafia.pawezow.net\/wp\/?p=738"},"modified":"2020-10-17T13:17:53","modified_gmt":"2020-10-17T11:17:53","slug":"najswietszej-trojcy","status":"publish","type":"post","link":"http:\/\/parafia.pawezow.net\/wp\/2020\/06\/07\/najswietszej-trojcy\/","title":{"rendered":"Uroczysto\u015b\u0107 Naj\u015bwi\u0119tszej Tr\u00f3jcy"},"content":{"rendered":"\n<div class=\"wp-block-file\"><a href=\"http:\/\/parafia.pawezow.net\/wp\/wp-content\/uploads\/2020\/06\/Intencje-Mszalne-7.06.2020.pdf\" target=\"_blank\" rel=\"noreferrer noopener\">Intencje Mszalne 7.06.2020<\/a><a href=\"http:\/\/parafia.pawezow.net\/wp\/wp-content\/uploads\/2020\/06\/Intencje-Mszalne-7.06.2020.pdf\" class=\"wp-block-file__button\" download>Pobierz<\/a><\/div>\n\n\n\n<p>1. Dzisiaj, w uroczysto\u015b\u0107 Tr\u00f3jcy Przenaj\u015bwi\u0119tszej, ze szczeg\u00f3ln\u0105 czci\u0105 Ko\u015bci\u00f3\u0142 wypowiada modlitw\u0119: \u201eChwa\u0142a Ojcu i Synowi, i Duchowi \u015awi\u0119temu\u2026\u201d. Warto te\u017c zda\u0107 sobie spraw\u0119, \u017ce ile razy \u015bwiadomie i pobo\u017cnie wykonujemy znak krzy\u017ca, modlitewnie wielbimy Tr\u00f3jc\u0119 Przenaj\u015bwi\u0119tsz\u0105 \u2013 jednego Boga w trzech Osobach.<\/p>\n\n\n\n<p>2. Dzisiejsza niedziela obchodzona jest jako Dzie\u0144 Dzi\u0119kczynienia. Przede wszystkim dzi\u0119kujemy naszemu Ojcu w niebie za dar odkupienia. Jednocze\u015bnie dzi\u0119kujemy sobie wzajemnie za wszelkie gesty dobroci i braterskiej solidarno\u015bci.<\/p>\n\n\n\n<p>3. Dzi\u015b ko\u0144czy si\u0119 okres Komunii \u015awi\u0119tej Wielkanocnej.<\/p>\n\n\n\n<p><strong>4. W \u015brod\u0119 o godz. 18:00 rozpocznie si\u0119 peregrynacja relikwii i obrazu \u015aw. Jana Paw\u0142a II z inicjatywy Akcji Katolickiej z okazji 25-lecia jej reaktywowania.<\/strong><\/p>\n\n\n\n<p>Program:<\/p>\n\n\n\n<p>18:00 Msza \u015bw. \u2013 powitanie<\/p>\n\n\n\n<p>19:00 R\u00f3\u017caniec z odczytaniem pr\u00f3\u015bb<\/p>\n\n\n\n<p>21:00 Apel Jasnog\u00f3rski<\/p>\n\n\n\n<p>W Bo\u017ce Cia\u0142o Msze \u015bw. b\u0119d\u0105 sprawowane wed\u0142ug porz\u0105dku niedzielnego. Ponadto, o godz. 15:00 zapraszamy na modlitwy do \u015aw. Jana Paw\u0142a II. O godz. 16:00 sprawowana b\u0119dzie Msza \u015bw. na zako\u0144czenie peregrynacji.<\/p>\n\n\n\n<p>Jest wystawiona skrzynka na intencje modlitewne, podzi\u0119kowania i pro\u015bby. Sk\u0142adajmy do niej nasze podzi\u0119kowania i pro\u015bby, kt\u00f3re b\u0119dziemy kierowa\u0107 do Pana Boga przez przyczyn\u0119 \u015aw. Jana Paw\u0142a II w czasie peregrynacji. Sk\u0142adka na tac\u0119 w \u015brod\u0119 w czasie Mszy \u015bw. B\u0119dzie przeznaczona na rozw\u00f3j Uniwersytetu Spo\u0142ecznego Jana Paw\u0142a II w Tarnowie, w Bo\u017ce Cia\u0142o na cele charytatywne i utrzymanie hospicj\u00f3w w diecezji. W niedziel\u0119 przed ko\u015bcio\u0142em zbierane b\u0119d\u0105 ofiary do puszek na Uniwersytet Papieski Jana Paw\u0142a II w Krakowie i Tarnowie.<\/p>\n\n\n\n<p>5. <strong>W czwartek obchodzi\u0107 b\u0119dziemy Uroczysto\u015b\u0107 Naj\u015bwi\u0119tszego Cia\u0142a i Krwi Chrystusa (Bo\u017ce Cia\u0142o). Jest to \u015bwi\u0119to obowi\u0105zkowe.<\/strong> B\u0119dziemy dzi\u0119kowa\u0107 Bogu za dar Eucharystii, prosi\u0107 Chrystusa o&nbsp;b\u0142ogos\u0142awie\u0144stwo i pok\u00f3j dla Ko\u015bcio\u0142a powszechnego, naszej Ojczyzny i&nbsp;naszego narodu.<\/p>\n\n\n\n<p>Z racji pandemii procesja Bo\u017cego Cia\u0142a odb\u0119dzie si\u0119 wok\u00f3\u0142 naszego ko\u015bcio\u0142a po Sumie o godz. 10:00. Zachowajmy restrykcje sanitarne (odleg\u0142o\u015b\u0107 2 metr\u00f3w mi\u0119dzy wiernymi oraz zas\u0142anianie ust i nosa).<\/p>\n\n\n\n<p>Prosimy o przygotowanie czterech o\u0142tarzy wok\u00f3\u0142 ko\u015bcio\u0142a. Spotkanie os\u00f3b w to zaanga\u017cowanych (rodzice dzieci pierwszokomunijnych, Ko\u0142o Gospody\u0144, Rada Duszpasterska, s\u0105siedzi) we wtorek o godz. 18:00.<\/p>\n\n\n\n<p>Udzia\u0142 w procesji eucharystycznej jest publicznym wyznaniem wiary w obecno\u015b\u0107 Pana Jezusa w Naj\u015bwi\u0119tszym Sakramencie. Pami\u0119tajmy, \u017ce Pan Jezus chce by\u0107 w naszym sercu, dlatego przyjmujmy Go w Komunii \u015awi\u0119tej.<\/p>\n\n\n\n<p>6. Procesje eucharystyczne w czasie oktawy Bo\u017cego Cia\u0142a b\u0119d\u0105 odbywa\u0142y si\u0119 codziennie o godz. 18:00 wok\u00f3\u0142 naszego ko\u015bcio\u0142a, a w niedziel\u0119 po sumie o godz. 10:00. Zapraszamy dzieci do sypania kwiatk\u00f3w oraz dzwonienia dzwonkami.<\/p>\n\n\n\n<p>7. Sk\u0142adamy serdeczne podzi\u0119kowania za ofiary z\u0142o\u017cone na sprz\u0105tanie ko\u015bcio\u0142a rodzinom Koco\u0142, Ko\u017cuch, Tryt, Jarosz, Zapart, Zapart, Drwal Stanis\u0142aw, a na ten tydzie\u0144 prosimy rodziny Gut, Wa\u0142aszek, Wi\u015bniewski, Maziarz, Iwaniec.<\/p>\n\n\n\n<p>8. Polecamy pras\u0119 katolick\u0105 Go\u015b\u0107 Niedzielny, Promyczek Dobra i Ma\u0142y Go\u015b\u0107 z komiksem o Prymasie Tysi\u0105clecia.<\/p>\n\n\n\n<p>9. Wszystkim solenizantom i jubilatom tego tygodnia sk\u0142adamy najserdeczniejsze \u017cyczenia i zapraszamy do Sto\u0142u Pa\u0144skiego.<\/p>\n\n\n\n<p><strong>W tym tygodniu patronuj\u0105 nam:<\/strong><\/p>\n\n\n\n<ul class=\"wp-block-list\"><li>poniedzia\u0142ek \u2013 \u015bw. Jadwiga (1374-1399), kr\u00f3lowa, kt\u00f3ra po\u015bwi\u0119ci\u0142a swe \u017cycie dla narodu polskiego i litewskiego.<\/li><li>sobota \u2013 \u015bw. Antoni z Padwy (1195-1231), franciszka\u0144ski prezbiter i doktor Ko\u015bcio\u0142a, jeden z najbardziej czczonych i kochanych \u015bwi\u0119tych.<\/li><\/ul>\n\n\n\n<p><strong>Wszystkim na ca\u0142y tydzie\u0144 \u017cyczymy Szcz\u0119\u015b\u0107 Bo\u017ce.<\/strong><\/p>\n","protected":false},"excerpt":{"rendered":"<p>Dzisiaj, w uroczysto\u015b\u0107 Tr\u00f3jcy Przenaj\u015bwi\u0119tszej, ze szczeg\u00f3ln\u0105 czci\u0105 Ko\u015bci\u00f3\u0142 wypowiada modlitw\u0119: \u201eChwa\u0142a Ojcu i Synowi, i Duchowi \u015awi\u0119temu\u2026\u201d. Warto te\u017c zda\u0107 sobie spraw\u0119, \u017ce ile razy \u015bwiadomie i pobo\u017cnie wykonujemy znak krzy\u017ca, modlitewnie wielbimy Tr\u00f3jc\u0119 Przenaj\u015bwi\u0119tsz\u0105 \u2013 jednego Boga w trzech Osobach.<\/p>\n","protected":false},"author":2,"featured_media":897,"comment_status":"closed","ping_status":"closed","sticky":false,"template":"","format":"standard","meta":{"ngg_post_thumbnail":0,"footnotes":""},"categories":[5],"tags":[],"class_list":["post-738","post","type-post","status-publish","format-standard","has-post-thumbnail","hentry","category-ogloszenia"],"_links":{"self":[{"href":"http:\/\/parafia.pawezow.net\/wp\/wp-json\/wp\/v2\/posts\/738","targetHints":{"allow":["GET"]}}],"collection":[{"href":"http:\/\/parafia.pawezow.net\/wp\/wp-json\/wp\/v2\/posts"}],"about":[{"href":"http:\/\/parafia.pawezow.net\/wp\/wp-json\/wp\/v2\/types\/post"}],"author":[{"embeddable":true,"href":"http:\/\/parafia.pawezow.net\/wp\/wp-json\/wp\/v2\/users\/2"}],"replies":[{"embeddable":true,"href":"http:\/\/parafia.pawezow.net\/wp\/wp-json\/wp\/v2\/comments?post=738"}],"version-history":[{"count":3,"href":"http:\/\/parafia.pawezow.net\/wp\/wp-json\/wp\/v2\/posts\/738\/revisions"}],"predecessor-version":[{"id":1075,"href":"http:\/\/parafia.pawezow.net\/wp\/wp-json\/wp\/v2\/posts\/738\/revisions\/1075"}],"wp:featuredmedia":[{"embeddable":true,"href":"http:\/\/parafia.pawezow.net\/wp\/wp-json\/wp\/v2\/media\/897"}],"wp:attachment":[{"href":"http:\/\/parafia.pawezow.net\/wp\/wp-json\/wp\/v2\/media?parent=738"}],"wp:term":[{"taxonomy":"category","embeddable":true,"href":"http:\/\/parafia.pawezow.net\/wp\/wp-json\/wp\/v2\/categories?post=738"},{"taxonomy":"post_tag","embeddable":true,"href":"http:\/\/parafia.pawezow.net\/wp\/wp-json\/wp\/v2\/tags?post=738"}],"curies":[{"name":"wp","href":"https:\/\/api.w.org\/{rel}","templated":true}]}}