{"id":902,"date":"2020-08-30T03:00:26","date_gmt":"2020-08-30T01:00:26","guid":{"rendered":"http:\/\/parafia.pawezow.net\/wp\/?p=902"},"modified":"2023-05-15T22:18:24","modified_gmt":"2023-05-15T20:18:24","slug":"xxii-niedziela-w-ciagu-roku","status":"publish","type":"post","link":"http:\/\/parafia.pawezow.net\/wp\/2020\/08\/30\/xxii-niedziela-w-ciagu-roku\/","title":{"rendered":"XXII Niedziela w ci\u0105gu roku"},"content":{"rendered":"\n<div class=\"wp-block-file\"><a href=\"http:\/\/parafia.pawezow.net\/wp\/wp-content\/uploads\/2020\/08\/Intencje-Mszy-\u015awi\u0119tych-31.08-06.09.2020.pdf\" target=\"_blank\" rel=\"noreferrer noopener\">Intencje Mszy \u015awi\u0119tych 31.08-06.09.2020<\/a><a href=\"http:\/\/parafia.pawezow.net\/wp\/wp-content\/uploads\/2020\/08\/Intencje-Mszy-\u015awi\u0119tych-31.08-06.09.2020.pdf\" class=\"wp-block-file__button\" download>Pobierz<\/a><\/div>\n\n\n\n<div class=\"wp-block-file\"><a href=\"http:\/\/parafia.pawezow.net\/wp\/wp-content\/uploads\/2020\/08\/List-pasterski-Biskupa-Tarnowskiego.pdf\" target=\"_blank\" rel=\"noreferrer noopener\">List pasterski Biskupa Tarnowskiego<\/a><a href=\"http:\/\/parafia.pawezow.net\/wp\/wp-content\/uploads\/2020\/08\/List-pasterski-Biskupa-Tarnowskiego.pdf\" class=\"wp-block-file__button\" download>Pobierz<\/a><\/div>\n\n\n\n<p>1. Wakacje i urlopy dobiegaj\u0105 ko\u0144ca. Na progu nowego roku szkolnego Ko\u015bci\u00f3\u0142 apeluje o do\u0142o\u017cenie wszelkich stara\u0144, aby uczestnictwo dzieci i m\u0142odzie\u017cy w&nbsp;katechezie szkolnej by\u0142o od samego pocz\u0105tku pe\u0142ne \u015bwiadomego zaanga\u017cowania. Wzrost wiary i wra\u017cliwo\u015b\u0107 na prawo Bo\u017ce nie dokonuje si\u0119 okazjonalnie, ale przez systematyczne s\u0142uchanie i rozwa\u017canie s\u0142owa Bo\u017cego na katechezie i podczas niedzielnej Eucharystii, kt\u00f3ra jest osobistym spotkaniem z&nbsp;Panem.<\/p>\n\n\n\n<p>Przy tej okazji przypominam rodzicom, \u017ce edukacja szkolna i katechetyczna powinna by\u0107 przedmiotem ich szczeg\u00f3lnej troski. Rodzina jest pierwszym miejscem, w kt\u00f3rym dzieci zdobywaj\u0105 wychowanie, tak\u017ce religijne. Szko\u0142a, katecheza i Ko\u015bci\u00f3\u0142 nigdy nie zast\u0105pi\u0105 rodzic\u00f3w. Msza \u015bw. na rozpocz\u0119cie roku szkolnego w naszym ko\u015bciele b\u0119dzie sprawowana we wtorek o godz. 8:00.<\/p>\n\n\n\n<p>2. We wtorek przypada 81. rocznica wybuchu II wojny \u015bwiatowej. Nasz\u0105 powinno\u015bci\u0105 jest pami\u0119ta\u0107 o poleg\u0142ych w obronie Ojczyzny w latach 1939-1945 na frontach i w obozach oraz o mordowanych po zako\u0144czonej wojnie w&nbsp;wi\u0119zieniach politycznych. Pro\u015bmy Pana, aby ofiara ich \u017cycia nie by\u0142a daremna.<\/p>\n\n\n\n<p>3. W tym tygodniu przypada pierwszy czwartek, pierwszy pi\u0105tek i pierwsza sobota miesi\u0105ca.<\/p>\n\n\n\n<p>W czwartek zapraszamy dzieci szkolne na Spowied\u017a, aby w pierwszy pi\u0105tek mog\u0142y przyj\u0105\u0107 Komuni\u0119 \u015bw.<\/p>\n\n\n\n<p>Chorych odwiedzimy w domach w pi\u0105tek od godz. 14:00. Od godz. 17:00 Adoracja i mo\u017cliwo\u015b\u0107 Spowiedzi. W tych te\u017c dniach rozpoczynamy miesi\u0119czne spotkania przygotowuj\u0105ce do przyj\u0119cia Sakramentu Bierzmowania. Ofiary z\u0142o\u017cone na tac\u0119 w tym dniu b\u0119d\u0105 przeznaczone na misje.<\/p>\n\n\n\n<p>W sobot\u0119 zapraszamy na nabo\u017ce\u0144stwo do Niepokalanego Serca Maryi o&nbsp;godz. 18:00 i Zmian\u0119 Tajemnic R\u00f3\u017ca\u0144cowych.<\/p>\n\n\n\n<p>4. Sk\u0142adamy serdeczne podzi\u0119kowania za ofiary z\u0142o\u017cone na sprz\u0105tanie ko\u015bcio\u0142a rodzinom Proszowski, Korczykowski, Sobol, Sobol, J\u0119kot, J\u0119kot, a na ten tydzie\u0144 prosimy rodziny Misiura, Misiura, Zuzia, Kope\u0107, Roman.<\/p>\n\n\n\n<p>5. Zachowajmy przepisy epidemiologiczne \u2013 noszenie maseczki, dezynfekcja r\u0105k, zachowywanie dystansu spo\u0142ecznego. Nie b\u00f3jmy si\u0119 uczestniczy\u0107 w nabo\u017ce\u0144stwach.<\/p>\n\n\n\n<p><strong>\u201e\u017bycie nasze zale\u017cy w ka\u017cdej chwili od Boga nie od koronawirusa.\u201d \u2013 <em>kard.&nbsp;Konrad Krajewski<\/em><\/strong><\/p>\n\n\n\n<p>6. Wszystkim solenizantom i jubilatom tego tygodnia sk\u0142adamy najserdeczniejsze \u017cyczenia i zapraszamy do Sto\u0142u Pa\u0144skiego.<\/p>\n\n\n\n<p>7. Polecamy pras\u0119 katolick\u0105 Go\u015b\u0107 Niedzielny, Ma\u0142y Go\u015b\u0107, Promyczek Dobra.<\/p>\n\n\n\n<p><strong>W tym tygodniu patronuje nam:<\/strong><\/p>\n\n\n\n<ul class=\"wp-block-list\"><li>czwartek \u2013 \u015bw. Grzegorz Wielki, papie\u017c, wybitny teolog i reformator, doktor Ko\u015bcio\u0142a.<\/li><\/ul>\n\n\n\n<p><strong>Wszystkim na ca\u0142y tydzie\u0144 \u017cyczymy Szcz\u0119\u015b\u0107 Bo\u017ce.<\/strong><\/p>\n","protected":false},"excerpt":{"rendered":"<p>Wakacje i urlopy dobiegaj\u0105 ko\u0144ca. Na progu nowego roku szkolnego Ko\u015bci\u00f3\u0142 apeluje o do\u0142o\u017cenie wszelkich stara\u0144, aby uczestnictwo dzieci i m\u0142odzie\u017cy w katechezie szkolnej by\u0142o od samego pocz\u0105tku pe\u0142ne \u015bwiadomego zaanga\u017cowania. Wzrost wiary i wra\u017cliwo\u015b\u0107 na prawo Bo\u017ce nie dokonuje si\u0119 okazjonalnie, ale przez systematyczne s\u0142uchanie i rozwa\u017canie s\u0142owa Bo\u017cego na katechezie i podczas niedzielnej Eucharystii, kt\u00f3ra jest osobistym spotkaniem z Panem.<\/p>\n","protected":false},"author":2,"featured_media":580,"comment_status":"closed","ping_status":"closed","sticky":false,"template":"","format":"standard","meta":{"ngg_post_thumbnail":0,"footnotes":""},"categories":[5],"tags":[],"class_list":["post-902","post","type-post","status-publish","format-standard","has-post-thumbnail","hentry","category-ogloszenia"],"_links":{"self":[{"href":"http:\/\/parafia.pawezow.net\/wp\/wp-json\/wp\/v2\/posts\/902","targetHints":{"allow":["GET"]}}],"collection":[{"href":"http:\/\/parafia.pawezow.net\/wp\/wp-json\/wp\/v2\/posts"}],"about":[{"href":"http:\/\/parafia.pawezow.net\/wp\/wp-json\/wp\/v2\/types\/post"}],"author":[{"embeddable":true,"href":"http:\/\/parafia.pawezow.net\/wp\/wp-json\/wp\/v2\/users\/2"}],"replies":[{"embeddable":true,"href":"http:\/\/parafia.pawezow.net\/wp\/wp-json\/wp\/v2\/comments?post=902"}],"version-history":[{"count":3,"href":"http:\/\/parafia.pawezow.net\/wp\/wp-json\/wp\/v2\/posts\/902\/revisions"}],"predecessor-version":[{"id":1062,"href":"http:\/\/parafia.pawezow.net\/wp\/wp-json\/wp\/v2\/posts\/902\/revisions\/1062"}],"wp:featuredmedia":[{"embeddable":true,"href":"http:\/\/parafia.pawezow.net\/wp\/wp-json\/wp\/v2\/media\/580"}],"wp:attachment":[{"href":"http:\/\/parafia.pawezow.net\/wp\/wp-json\/wp\/v2\/media?parent=902"}],"wp:term":[{"taxonomy":"category","embeddable":true,"href":"http:\/\/parafia.pawezow.net\/wp\/wp-json\/wp\/v2\/categories?post=902"},{"taxonomy":"post_tag","embeddable":true,"href":"http:\/\/parafia.pawezow.net\/wp\/wp-json\/wp\/v2\/tags?post=902"}],"curies":[{"name":"wp","href":"https:\/\/api.w.org\/{rel}","templated":true}]}}